{"id":908,"date":"2026-04-14T11:53:58","date_gmt":"2026-04-14T09:53:58","guid":{"rendered":"https:\/\/com-pac.ovh\/alubatiservice\/?p=908"},"modified":"2026-04-14T12:46:50","modified_gmt":"2026-04-14T10:46:50","slug":"comment-installer-une-grille-de-ventilation-en-facade","status":"publish","type":"post","link":"https:\/\/com-pac.ovh\/alubatiservice\/blog\/installation-et-mise-en-oeuvre\/comment-installer-une-grille-de-ventilation-en-facade\/","title":{"rendered":"Comment installer une grille de ventilation en fa\u00e7ade ?"},"content":{"rendered":"\n<p>L\u2019installation d\u2019une grille de ventilation en fa\u00e7ade doit \u00eatre r\u00e9alis\u00e9e avec pr\u00e9cision afin d\u2019assurer son efficacit\u00e9 et \u00e9viter tout probl\u00e8me d\u2019infiltration ou de mauvaise circulation d\u2019air.<\/p>\n\n\n\n<h3 class=\"wp-block-heading\">Pr\u00e9parer l\u2019emplacement<\/h3>\n\n\n\n<p>Avant toute pose, il est essentiel de v\u00e9rifier :<\/p>\n\n\n\n<ul class=\"wp-block-list\">\n<li>les dimensions de r\u00e9servation<\/li>\n\n\n\n<li>la nature du support (b\u00e9ton, brique, bois)<\/li>\n\n\n\n<li>la pr\u00e9sence \u00e9ventuelle de r\u00e9seaux<\/li>\n<\/ul>\n\n\n\n<h3 class=\"wp-block-heading\">Les \u00e9tapes de pose<\/h3>\n\n\n\n<p>La grille peut \u00eatre pos\u00e9e :<\/p>\n\n\n\n<ul class=\"wp-block-list\">\n<li><strong>en applique<\/strong>, directement sur la fa\u00e7ade<\/li>\n\n\n\n<li><strong>en tableau<\/strong>, int\u00e9gr\u00e9e dans l\u2019ouverture<\/li>\n<\/ul>\n\n\n\n<p>Une fixation solide est indispensable pour garantir la tenue dans le temps, notamment en ext\u00e9rieur.<\/p>\n\n\n\n<h3 class=\"wp-block-heading\">Points de vigilance<\/h3>\n\n\n\n<ul class=\"wp-block-list\">\n<li>assurer l\u2019\u00e9tanch\u00e9it\u00e9 p\u00e9riph\u00e9rique<\/li>\n\n\n\n<li>v\u00e9rifier l\u2019alignement<\/li>\n\n\n\n<li>ne pas obstruer la section de passage d\u2019air<\/li>\n<\/ul>\n\n\n\n<h3 class=\"wp-block-heading\">Conclusion<\/h3>\n\n\n\n<p>Une installation soign\u00e9e conditionne directement les performances de la grille de ventilation. Une mauvaise pose peut r\u00e9duire fortement l\u2019efficacit\u00e9 du syst\u00e8me.<\/p>\n","protected":false},"excerpt":{"rendered":"<p>L\u2019installation d\u2019une grille de ventilation en fa\u00e7ade doit \u00eatre r\u00e9alis\u00e9e avec pr\u00e9cision afin d\u2019assurer son efficacit\u00e9 et \u00e9viter tout probl\u00e8me d\u2019infiltration ou de mauvaise circulation d\u2019air. Pr\u00e9parer l\u2019emplacement Avant toute pose, il est essentiel de v\u00e9rifier : Les \u00e9tapes de pose La grille peut \u00eatre pos\u00e9e : Une fixation solide est indispensable pour garantir la [&hellip;]<\/p>\n","protected":false},"author":1,"featured_media":909,"comment_status":"open","ping_status":"open","sticky":false,"template":"","format":"standard","meta":{"_acf_changed":false,"_angie_page":false,"page_builder":"","footnotes":""},"categories":[34],"tags":[],"class_list":["post-908","post","type-post","status-publish","format-standard","has-post-thumbnail","hentry","category-installation-et-mise-en-oeuvre"],"acf":[],"_links":{"self":[{"href":"https:\/\/com-pac.ovh\/alubatiservice\/wp-json\/wp\/v2\/posts\/908","targetHints":{"allow":["GET"]}}],"collection":[{"href":"https:\/\/com-pac.ovh\/alubatiservice\/wp-json\/wp\/v2\/posts"}],"about":[{"href":"https:\/\/com-pac.ovh\/alubatiservice\/wp-json\/wp\/v2\/types\/post"}],"author":[{"embeddable":true,"href":"https:\/\/com-pac.ovh\/alubatiservice\/wp-json\/wp\/v2\/users\/1"}],"replies":[{"embeddable":true,"href":"https:\/\/com-pac.ovh\/alubatiservice\/wp-json\/wp\/v2\/comments?post=908"}],"version-history":[{"count":1,"href":"https:\/\/com-pac.ovh\/alubatiservice\/wp-json\/wp\/v2\/posts\/908\/revisions"}],"predecessor-version":[{"id":910,"href":"https:\/\/com-pac.ovh\/alubatiservice\/wp-json\/wp\/v2\/posts\/908\/revisions\/910"}],"wp:featuredmedia":[{"embeddable":true,"href":"https:\/\/com-pac.ovh\/alubatiservice\/wp-json\/wp\/v2\/media\/909"}],"wp:attachment":[{"href":"https:\/\/com-pac.ovh\/alubatiservice\/wp-json\/wp\/v2\/media?parent=908"}],"wp:term":[{"taxonomy":"category","embeddable":true,"href":"https:\/\/com-pac.ovh\/alubatiservice\/wp-json\/wp\/v2\/categories?post=908"},{"taxonomy":"post_tag","embeddable":true,"href":"https:\/\/com-pac.ovh\/alubatiservice\/wp-json\/wp\/v2\/tags?post=908"}],"curies":[{"name":"wp","href":"https:\/\/api.w.org\/{rel}","templated":true}]}}