{"id":1710,"date":"2025-03-28T12:59:54","date_gmt":"2025-03-28T11:59:54","guid":{"rendered":"https:\/\/com-pac.ovh\/preprod1\/?p=1710"},"modified":"2025-04-24T12:13:03","modified_gmt":"2025-04-24T10:13:03","slug":"meubles-bas-de-rangement-metalliques-sur-mesure","status":"publish","type":"post","link":"https:\/\/com-pac.ovh\/preprod1\/realisations\/meubles-bas-de-rangement-metalliques-sur-mesure\/","title":{"rendered":"Meuble Bas de Rangement M\u00e9talliques sur Mesure"},"content":{"rendered":"<h3 data-start=\"0\" data-end=\"106\"><strong data-start=\"0\" data-end=\"51\">Meuble Bas de Rangement M\u00e9talliques sur Mesure :\u00a0<\/strong><br data-start=\"51\" data-end=\"54\" \/><strong data-start=\"54\" data-end=\"104\">Design Fonctionnel et Robustesse\u00a0<\/strong><\/h3>\n<p class=\"\" data-start=\"108\" data-end=\"394\">R\u00e9alisation sur mesure de meubles bas de rangement m\u00e9talliques, alliant praticit\u00e9 et esth\u00e9tique. Chaque projet est con\u00e7u pour optimiser votre espace tout en offrant une solidit\u00e9 et une finition soign\u00e9e, respectant vos besoins sp\u00e9cifiques et s\u2019int\u00e9grant parfaitement \u00e0 votre int\u00e9rieur.<\/p>\n<p class=\"\" data-start=\"396\" data-end=\"426\">\n","protected":false},"excerpt":{"rendered":"<p>Meuble Bas de Rangement M\u00e9talliques sur Mesure :\u00a0Design Fonctionnel et Robustesse\u00a0 R\u00e9alisation sur mesure de meubles bas de rangement m\u00e9talliques, alliant praticit\u00e9 et esth\u00e9tique. Chaque projet est con\u00e7u pour optimiser votre espace tout en offrant une solidit\u00e9 et une finition soign\u00e9e, respectant vos besoins sp\u00e9cifiques et s\u2019int\u00e9grant parfaitement \u00e0 votre int\u00e9rieur.<\/p>\n","protected":false},"author":1,"featured_media":1711,"comment_status":"open","ping_status":"open","sticky":false,"template":"","format":"standard","meta":{"_acf_changed":false,"footnotes":""},"categories":[8,16],"tags":[],"class_list":["post-1710","post","type-post","status-publish","format-standard","has-post-thumbnail","hentry","category-realisations","category-sur-mesure"],"acf":[],"yoast_head":"<!-- This site is optimized with the Yoast SEO plugin v24.9 - https:\/\/yoast.com\/wordpress\/plugins\/seo\/ -->\n<title>Meuble Bas de Rangement M\u00e9talliques sur Mesure - R\u00e9alisations - ALL TOLERIE<\/title>\n<meta name=\"robots\" content=\"noindex, follow, max-snippet:-1, max-image-preview:large, max-video-preview:-1\" \/>\n<meta property=\"og:locale\" content=\"fr_FR\" \/>\n<meta property=\"og:type\" content=\"article\" \/>\n<meta property=\"og:title\" content=\"Meuble Bas de Rangement M\u00e9talliques sur Mesure - R\u00e9alisations - ALL TOLERIE\" \/>\n<meta property=\"og:description\" content=\"Meuble Bas de Rangement M\u00e9talliques sur Mesure :\u00a0Design Fonctionnel et Robustesse\u00a0 R\u00e9alisation sur mesure de meubles bas de rangement m\u00e9talliques, alliant praticit\u00e9 et esth\u00e9tique. Chaque projet est con\u00e7u pour optimiser votre espace tout en offrant une solidit\u00e9 et une finition soign\u00e9e, respectant vos besoins sp\u00e9cifiques et s\u2019int\u00e9grant parfaitement \u00e0 votre int\u00e9rieur.\" \/>\n<meta property=\"og:url\" content=\"https:\/\/com-pac.ovh\/preprod1\/realisations\/meubles-bas-de-rangement-metalliques-sur-mesure\/\" \/>\n<meta property=\"og:site_name\" content=\"ALL TOLERIE\" \/>\n<meta property=\"article:publisher\" content=\"https:\/\/www.facebook.com\/ALLTOLERIE\" \/>\n<meta property=\"article:published_time\" content=\"2025-03-28T11:59:54+00:00\" \/>\n<meta property=\"article:modified_time\" content=\"2025-04-24T10:13:03+00:00\" \/>\n<meta property=\"og:image\" content=\"https:\/\/com-pac.ovh\/preprod1\/wp-content\/uploads\/2025\/03\/creation-meuble.jpg\" \/>\n\t<meta property=\"og:image:width\" content=\"600\" \/>\n\t<meta property=\"og:image:height\" content=\"400\" \/>\n\t<meta property=\"og:image:type\" content=\"image\/jpeg\" \/>\n<meta name=\"author\" content=\"ComallTolPacrie\" \/>\n<meta name=\"twitter:card\" content=\"summary_large_image\" \/>\n<meta name=\"twitter:label1\" content=\"\u00c9crit par\" \/>\n\t<meta name=\"twitter:data1\" content=\"ComallTolPacrie\" \/>\n\t<meta name=\"twitter:label2\" content=\"Dur\u00e9e de lecture estim\u00e9e\" \/>\n\t<meta name=\"twitter:data2\" content=\"1 minute\" \/>\n<script type=\"application\/ld+json\" class=\"yoast-schema-graph\">{\"@context\":\"https:\/\/schema.org\",\"@graph\":[{\"@type\":\"Article\",\"@id\":\"https:\/\/com-pac.ovh\/preprod1\/realisations\/meubles-bas-de-rangement-metalliques-sur-mesure\/#article\",\"isPartOf\":{\"@id\":\"https:\/\/com-pac.ovh\/preprod1\/realisations\/meubles-bas-de-rangement-metalliques-sur-mesure\/\"},\"author\":{\"name\":\"ComallTolPacrie\",\"@id\":\"https:\/\/com-pac.ovh\/preprod1\/#\/schema\/person\/ec00c50f47be78e628281033fbbec35e\"},\"headline\":\"Meuble Bas de Rangement M\u00e9talliques sur Mesure\",\"datePublished\":\"2025-03-28T11:59:54+00:00\",\"dateModified\":\"2025-04-24T10:13:03+00:00\",\"mainEntityOfPage\":{\"@id\":\"https:\/\/com-pac.ovh\/preprod1\/realisations\/meubles-bas-de-rangement-metalliques-sur-mesure\/\"},\"wordCount\":68,\"commentCount\":0,\"publisher\":{\"@id\":\"https:\/\/com-pac.ovh\/preprod1\/#organization\"},\"image\":{\"@id\":\"https:\/\/com-pac.ovh\/preprod1\/realisations\/meubles-bas-de-rangement-metalliques-sur-mesure\/#primaryimage\"},\"thumbnailUrl\":\"https:\/\/com-pac.ovh\/preprod1\/wp-content\/uploads\/2025\/03\/creation-meuble.jpg\",\"articleSection\":[\"R\u00e9alisations\",\"Sur-mesure\"],\"inLanguage\":\"fr-FR\",\"potentialAction\":[{\"@type\":\"CommentAction\",\"name\":\"Comment\",\"target\":[\"https:\/\/com-pac.ovh\/preprod1\/realisations\/meubles-bas-de-rangement-metalliques-sur-mesure\/#respond\"]}]},{\"@type\":\"WebPage\",\"@id\":\"https:\/\/com-pac.ovh\/preprod1\/realisations\/meubles-bas-de-rangement-metalliques-sur-mesure\/\",\"url\":\"https:\/\/com-pac.ovh\/preprod1\/realisations\/meubles-bas-de-rangement-metalliques-sur-mesure\/\",\"name\":\"Meuble Bas de Rangement M\u00e9talliques sur Mesure - R\u00e9alisations - ALL TOLERIE\",\"isPartOf\":{\"@id\":\"https:\/\/com-pac.ovh\/preprod1\/#website\"},\"primaryImageOfPage\":{\"@id\":\"https:\/\/com-pac.ovh\/preprod1\/realisations\/meubles-bas-de-rangement-metalliques-sur-mesure\/#primaryimage\"},\"image\":{\"@id\":\"https:\/\/com-pac.ovh\/preprod1\/realisations\/meubles-bas-de-rangement-metalliques-sur-mesure\/#primaryimage\"},\"thumbnailUrl\":\"https:\/\/com-pac.ovh\/preprod1\/wp-content\/uploads\/2025\/03\/creation-meuble.jpg\",\"datePublished\":\"2025-03-28T11:59:54+00:00\",\"dateModified\":\"2025-04-24T10:13:03+00:00\",\"breadcrumb\":{\"@id\":\"https:\/\/com-pac.ovh\/preprod1\/realisations\/meubles-bas-de-rangement-metalliques-sur-mesure\/#breadcrumb\"},\"inLanguage\":\"fr-FR\",\"potentialAction\":[{\"@type\":\"ReadAction\",\"target\":[\"https:\/\/com-pac.ovh\/preprod1\/realisations\/meubles-bas-de-rangement-metalliques-sur-mesure\/\"]}]},{\"@type\":\"ImageObject\",\"inLanguage\":\"fr-FR\",\"@id\":\"https:\/\/com-pac.ovh\/preprod1\/realisations\/meubles-bas-de-rangement-metalliques-sur-mesure\/#primaryimage\",\"url\":\"https:\/\/com-pac.ovh\/preprod1\/wp-content\/uploads\/2025\/03\/creation-meuble.jpg\",\"contentUrl\":\"https:\/\/com-pac.ovh\/preprod1\/wp-content\/uploads\/2025\/03\/creation-meuble.jpg\",\"width\":600,\"height\":400},{\"@type\":\"BreadcrumbList\",\"@id\":\"https:\/\/com-pac.ovh\/preprod1\/realisations\/meubles-bas-de-rangement-metalliques-sur-mesure\/#breadcrumb\",\"itemListElement\":[{\"@type\":\"ListItem\",\"position\":1,\"name\":\"Accueil\",\"item\":\"https:\/\/com-pac.ovh\/preprod1\/\"},{\"@type\":\"ListItem\",\"position\":2,\"name\":\"Meuble Bas de Rangement M\u00e9talliques sur Mesure\"}]},{\"@type\":\"WebSite\",\"@id\":\"https:\/\/com-pac.ovh\/preprod1\/#website\",\"url\":\"https:\/\/com-pac.ovh\/preprod1\/\",\"name\":\"ALL TOLERIE\",\"description\":\"\",\"publisher\":{\"@id\":\"https:\/\/com-pac.ovh\/preprod1\/#organization\"},\"potentialAction\":[{\"@type\":\"SearchAction\",\"target\":{\"@type\":\"EntryPoint\",\"urlTemplate\":\"https:\/\/com-pac.ovh\/preprod1\/?s={search_term_string}\"},\"query-input\":{\"@type\":\"PropertyValueSpecification\",\"valueRequired\":true,\"valueName\":\"search_term_string\"}}],\"inLanguage\":\"fr-FR\"},{\"@type\":\"Organization\",\"@id\":\"https:\/\/com-pac.ovh\/preprod1\/#organization\",\"name\":\"ALL TOLERIE\",\"url\":\"https:\/\/com-pac.ovh\/preprod1\/\",\"logo\":{\"@type\":\"ImageObject\",\"inLanguage\":\"fr-FR\",\"@id\":\"https:\/\/com-pac.ovh\/preprod1\/#\/schema\/logo\/image\/\",\"url\":\"https:\/\/com-pac.ovh\/preprod1\/wp-content\/uploads\/2025\/03\/LOGO-ALL-TOLERIE.jpg\",\"contentUrl\":\"https:\/\/com-pac.ovh\/preprod1\/wp-content\/uploads\/2025\/03\/LOGO-ALL-TOLERIE.jpg\",\"width\":261,\"height\":55,\"caption\":\"ALL TOLERIE\"},\"image\":{\"@id\":\"https:\/\/com-pac.ovh\/preprod1\/#\/schema\/logo\/image\/\"},\"sameAs\":[\"https:\/\/www.facebook.com\/ALLTOLERIE\",\"https:\/\/www.instagram.com\/alltolerie\/\",\"https:\/\/www.youtube.com\/@alltoleriealltolerie7438\"]},{\"@type\":\"Person\",\"@id\":\"https:\/\/com-pac.ovh\/preprod1\/#\/schema\/person\/ec00c50f47be78e628281033fbbec35e\",\"name\":\"ComallTolPacrie\",\"image\":{\"@type\":\"ImageObject\",\"inLanguage\":\"fr-FR\",\"@id\":\"https:\/\/com-pac.ovh\/preprod1\/#\/schema\/person\/image\/\",\"url\":\"https:\/\/secure.gravatar.com\/avatar\/f3176d2c390a2eba3f75c1f527baa199269c2757badfadb4816973fdf4acd689?s=96&d=mm&r=g\",\"contentUrl\":\"https:\/\/secure.gravatar.com\/avatar\/f3176d2c390a2eba3f75c1f527baa199269c2757badfadb4816973fdf4acd689?s=96&d=mm&r=g\",\"caption\":\"ComallTolPacrie\"},\"sameAs\":[\"http:\/\/com-pac.ovh\/preprod1\"]}]}<\/script>\n<!-- \/ Yoast SEO plugin. -->","yoast_head_json":{"title":"Meuble Bas de Rangement M\u00e9talliques sur Mesure - R\u00e9alisations - ALL TOLERIE","robots":{"index":"noindex","follow":"follow","max-snippet":"max-snippet:-1","max-image-preview":"max-image-preview:large","max-video-preview":"max-video-preview:-1"},"og_locale":"fr_FR","og_type":"article","og_title":"Meuble Bas de Rangement M\u00e9talliques sur Mesure - R\u00e9alisations - ALL TOLERIE","og_description":"Meuble Bas de Rangement M\u00e9talliques sur Mesure :\u00a0Design Fonctionnel et Robustesse\u00a0 R\u00e9alisation sur mesure de meubles bas de rangement m\u00e9talliques, alliant praticit\u00e9 et esth\u00e9tique. Chaque projet est con\u00e7u pour optimiser votre espace tout en offrant une solidit\u00e9 et une finition soign\u00e9e, respectant vos besoins sp\u00e9cifiques et s\u2019int\u00e9grant parfaitement \u00e0 votre int\u00e9rieur.","og_url":"https:\/\/com-pac.ovh\/preprod1\/realisations\/meubles-bas-de-rangement-metalliques-sur-mesure\/","og_site_name":"ALL TOLERIE","article_publisher":"https:\/\/www.facebook.com\/ALLTOLERIE","article_published_time":"2025-03-28T11:59:54+00:00","article_modified_time":"2025-04-24T10:13:03+00:00","og_image":[{"width":600,"height":400,"url":"https:\/\/com-pac.ovh\/preprod1\/wp-content\/uploads\/2025\/03\/creation-meuble.jpg","type":"image\/jpeg"}],"author":"ComallTolPacrie","twitter_card":"summary_large_image","twitter_misc":{"\u00c9crit par":"ComallTolPacrie","Dur\u00e9e de lecture estim\u00e9e":"1 minute"},"schema":{"@context":"https:\/\/schema.org","@graph":[{"@type":"Article","@id":"https:\/\/com-pac.ovh\/preprod1\/realisations\/meubles-bas-de-rangement-metalliques-sur-mesure\/#article","isPartOf":{"@id":"https:\/\/com-pac.ovh\/preprod1\/realisations\/meubles-bas-de-rangement-metalliques-sur-mesure\/"},"author":{"name":"ComallTolPacrie","@id":"https:\/\/com-pac.ovh\/preprod1\/#\/schema\/person\/ec00c50f47be78e628281033fbbec35e"},"headline":"Meuble Bas de Rangement M\u00e9talliques sur Mesure","datePublished":"2025-03-28T11:59:54+00:00","dateModified":"2025-04-24T10:13:03+00:00","mainEntityOfPage":{"@id":"https:\/\/com-pac.ovh\/preprod1\/realisations\/meubles-bas-de-rangement-metalliques-sur-mesure\/"},"wordCount":68,"commentCount":0,"publisher":{"@id":"https:\/\/com-pac.ovh\/preprod1\/#organization"},"image":{"@id":"https:\/\/com-pac.ovh\/preprod1\/realisations\/meubles-bas-de-rangement-metalliques-sur-mesure\/#primaryimage"},"thumbnailUrl":"https:\/\/com-pac.ovh\/preprod1\/wp-content\/uploads\/2025\/03\/creation-meuble.jpg","articleSection":["R\u00e9alisations","Sur-mesure"],"inLanguage":"fr-FR","potentialAction":[{"@type":"CommentAction","name":"Comment","target":["https:\/\/com-pac.ovh\/preprod1\/realisations\/meubles-bas-de-rangement-metalliques-sur-mesure\/#respond"]}]},{"@type":"WebPage","@id":"https:\/\/com-pac.ovh\/preprod1\/realisations\/meubles-bas-de-rangement-metalliques-sur-mesure\/","url":"https:\/\/com-pac.ovh\/preprod1\/realisations\/meubles-bas-de-rangement-metalliques-sur-mesure\/","name":"Meuble Bas de Rangement M\u00e9talliques sur Mesure - R\u00e9alisations - ALL TOLERIE","isPartOf":{"@id":"https:\/\/com-pac.ovh\/preprod1\/#website"},"primaryImageOfPage":{"@id":"https:\/\/com-pac.ovh\/preprod1\/realisations\/meubles-bas-de-rangement-metalliques-sur-mesure\/#primaryimage"},"image":{"@id":"https:\/\/com-pac.ovh\/preprod1\/realisations\/meubles-bas-de-rangement-metalliques-sur-mesure\/#primaryimage"},"thumbnailUrl":"https:\/\/com-pac.ovh\/preprod1\/wp-content\/uploads\/2025\/03\/creation-meuble.jpg","datePublished":"2025-03-28T11:59:54+00:00","dateModified":"2025-04-24T10:13:03+00:00","breadcrumb":{"@id":"https:\/\/com-pac.ovh\/preprod1\/realisations\/meubles-bas-de-rangement-metalliques-sur-mesure\/#breadcrumb"},"inLanguage":"fr-FR","potentialAction":[{"@type":"ReadAction","target":["https:\/\/com-pac.ovh\/preprod1\/realisations\/meubles-bas-de-rangement-metalliques-sur-mesure\/"]}]},{"@type":"ImageObject","inLanguage":"fr-FR","@id":"https:\/\/com-pac.ovh\/preprod1\/realisations\/meubles-bas-de-rangement-metalliques-sur-mesure\/#primaryimage","url":"https:\/\/com-pac.ovh\/preprod1\/wp-content\/uploads\/2025\/03\/creation-meuble.jpg","contentUrl":"https:\/\/com-pac.ovh\/preprod1\/wp-content\/uploads\/2025\/03\/creation-meuble.jpg","width":600,"height":400},{"@type":"BreadcrumbList","@id":"https:\/\/com-pac.ovh\/preprod1\/realisations\/meubles-bas-de-rangement-metalliques-sur-mesure\/#breadcrumb","itemListElement":[{"@type":"ListItem","position":1,"name":"Accueil","item":"https:\/\/com-pac.ovh\/preprod1\/"},{"@type":"ListItem","position":2,"name":"Meuble Bas de Rangement M\u00e9talliques sur Mesure"}]},{"@type":"WebSite","@id":"https:\/\/com-pac.ovh\/preprod1\/#website","url":"https:\/\/com-pac.ovh\/preprod1\/","name":"ALL TOLERIE","description":"","publisher":{"@id":"https:\/\/com-pac.ovh\/preprod1\/#organization"},"potentialAction":[{"@type":"SearchAction","target":{"@type":"EntryPoint","urlTemplate":"https:\/\/com-pac.ovh\/preprod1\/?s={search_term_string}"},"query-input":{"@type":"PropertyValueSpecification","valueRequired":true,"valueName":"search_term_string"}}],"inLanguage":"fr-FR"},{"@type":"Organization","@id":"https:\/\/com-pac.ovh\/preprod1\/#organization","name":"ALL TOLERIE","url":"https:\/\/com-pac.ovh\/preprod1\/","logo":{"@type":"ImageObject","inLanguage":"fr-FR","@id":"https:\/\/com-pac.ovh\/preprod1\/#\/schema\/logo\/image\/","url":"https:\/\/com-pac.ovh\/preprod1\/wp-content\/uploads\/2025\/03\/LOGO-ALL-TOLERIE.jpg","contentUrl":"https:\/\/com-pac.ovh\/preprod1\/wp-content\/uploads\/2025\/03\/LOGO-ALL-TOLERIE.jpg","width":261,"height":55,"caption":"ALL TOLERIE"},"image":{"@id":"https:\/\/com-pac.ovh\/preprod1\/#\/schema\/logo\/image\/"},"sameAs":["https:\/\/www.facebook.com\/ALLTOLERIE","https:\/\/www.instagram.com\/alltolerie\/","https:\/\/www.youtube.com\/@alltoleriealltolerie7438"]},{"@type":"Person","@id":"https:\/\/com-pac.ovh\/preprod1\/#\/schema\/person\/ec00c50f47be78e628281033fbbec35e","name":"ComallTolPacrie","image":{"@type":"ImageObject","inLanguage":"fr-FR","@id":"https:\/\/com-pac.ovh\/preprod1\/#\/schema\/person\/image\/","url":"https:\/\/secure.gravatar.com\/avatar\/f3176d2c390a2eba3f75c1f527baa199269c2757badfadb4816973fdf4acd689?s=96&d=mm&r=g","contentUrl":"https:\/\/secure.gravatar.com\/avatar\/f3176d2c390a2eba3f75c1f527baa199269c2757badfadb4816973fdf4acd689?s=96&d=mm&r=g","caption":"ComallTolPacrie"},"sameAs":["http:\/\/com-pac.ovh\/preprod1"]}]}},"_links":{"self":[{"href":"https:\/\/com-pac.ovh\/preprod1\/wp-json\/wp\/v2\/posts\/1710","targetHints":{"allow":["GET"]}}],"collection":[{"href":"https:\/\/com-pac.ovh\/preprod1\/wp-json\/wp\/v2\/posts"}],"about":[{"href":"https:\/\/com-pac.ovh\/preprod1\/wp-json\/wp\/v2\/types\/post"}],"author":[{"embeddable":true,"href":"https:\/\/com-pac.ovh\/preprod1\/wp-json\/wp\/v2\/users\/1"}],"replies":[{"embeddable":true,"href":"https:\/\/com-pac.ovh\/preprod1\/wp-json\/wp\/v2\/comments?post=1710"}],"version-history":[{"count":6,"href":"https:\/\/com-pac.ovh\/preprod1\/wp-json\/wp\/v2\/posts\/1710\/revisions"}],"predecessor-version":[{"id":1838,"href":"https:\/\/com-pac.ovh\/preprod1\/wp-json\/wp\/v2\/posts\/1710\/revisions\/1838"}],"wp:featuredmedia":[{"embeddable":true,"href":"https:\/\/com-pac.ovh\/preprod1\/wp-json\/wp\/v2\/media\/1711"}],"wp:attachment":[{"href":"https:\/\/com-pac.ovh\/preprod1\/wp-json\/wp\/v2\/media?parent=1710"}],"wp:term":[{"taxonomy":"category","embeddable":true,"href":"https:\/\/com-pac.ovh\/preprod1\/wp-json\/wp\/v2\/categories?post=1710"},{"taxonomy":"post_tag","embeddable":true,"href":"https:\/\/com-pac.ovh\/preprod1\/wp-json\/wp\/v2\/tags?post=1710"}],"curies":[{"name":"wp","href":"https:\/\/api.w.org\/{rel}","templated":true}]}}