{"id":1749,"date":"2025-03-28T13:15:10","date_gmt":"2025-03-28T12:15:10","guid":{"rendered":"https:\/\/com-pac.ovh\/preprod1\/?p=1749"},"modified":"2025-04-24T11:19:03","modified_gmt":"2025-04-24T09:19:03","slug":"porte-vitree-en-glace-sans-teint-sur-mesure-en-acier","status":"publish","type":"post","link":"https:\/\/com-pac.ovh\/preprod1\/realisations\/porte-vitree-en-glace-sans-teint-sur-mesure-en-acier\/","title":{"rendered":"Porte Vitr\u00e9e en Glace Sans Teint sur Mesure en Acier"},"content":{"rendered":"<h3 data-start=\"0\" data-end=\"109\"><strong data-start=\"0\" data-end=\"56\">Porte Vitr\u00e9e en Glace Sans Teint sur Mesure en Acier :\u00a0<\/strong><br data-start=\"56\" data-end=\"59\" \/><strong data-start=\"59\" data-end=\"107\">Esth\u00e9tisme et S\u00e9curit\u00e9 Personnalis\u00e9e<\/strong><\/h3>\n<p class=\"\" data-start=\"111\" data-end=\"437\">R\u00e9alisation sur mesure de portes vitr\u00e9es en glace sans teint, avec une structure en acier, alliant transparence, design moderne et s\u00e9curit\u00e9 renforc\u00e9e. Chaque projet est con\u00e7u pour offrir une excellente isolation tout en respectant vos besoins esth\u00e9tiques et fonctionnels, garantissant une installation durable et de qualit\u00e9.<\/p>\n<p class=\"\" data-start=\"439\" data-end=\"469\">\n","protected":false},"excerpt":{"rendered":"<p>Porte Vitr\u00e9e en Glace Sans Teint sur Mesure en Acier :\u00a0Esth\u00e9tisme et S\u00e9curit\u00e9 Personnalis\u00e9e R\u00e9alisation sur mesure de portes vitr\u00e9es en glace sans teint, avec une structure en acier, alliant transparence, design moderne et s\u00e9curit\u00e9 renforc\u00e9e. Chaque projet est con\u00e7u pour offrir une excellente isolation tout en respectant vos besoins esth\u00e9tiques et fonctionnels, garantissant une [&hellip;]<\/p>\n","protected":false},"author":1,"featured_media":1750,"comment_status":"open","ping_status":"open","sticky":false,"template":"","format":"standard","meta":{"_acf_changed":false,"footnotes":""},"categories":[12,8],"tags":[],"class_list":["post-1749","post","type-post","status-publish","format-standard","has-post-thumbnail","hentry","category-portes-blindees-tolees","category-realisations"],"acf":[],"yoast_head":"<!-- This site is optimized with the Yoast SEO plugin v24.9 - https:\/\/yoast.com\/wordpress\/plugins\/seo\/ -->\n<title>Porte Vitr\u00e9e en Glace Sans Teint sur Mesure en Acier - R\u00e9alisations - ALL TOLERIE<\/title>\n<meta name=\"robots\" content=\"noindex, follow, max-snippet:-1, max-image-preview:large, max-video-preview:-1\" \/>\n<meta property=\"og:locale\" content=\"fr_FR\" \/>\n<meta property=\"og:type\" content=\"article\" \/>\n<meta property=\"og:title\" content=\"Porte Vitr\u00e9e en Glace Sans Teint sur Mesure en Acier - R\u00e9alisations - ALL TOLERIE\" \/>\n<meta property=\"og:description\" content=\"Porte Vitr\u00e9e en Glace Sans Teint sur Mesure en Acier :\u00a0Esth\u00e9tisme et S\u00e9curit\u00e9 Personnalis\u00e9e R\u00e9alisation sur mesure de portes vitr\u00e9es en glace sans teint, avec une structure en acier, alliant transparence, design moderne et s\u00e9curit\u00e9 renforc\u00e9e. Chaque projet est con\u00e7u pour offrir une excellente isolation tout en respectant vos besoins esth\u00e9tiques et fonctionnels, garantissant une [&hellip;]\" \/>\n<meta property=\"og:url\" content=\"https:\/\/com-pac.ovh\/preprod1\/realisations\/porte-vitree-en-glace-sans-teint-sur-mesure-en-acier\/\" \/>\n<meta property=\"og:site_name\" content=\"ALL TOLERIE\" \/>\n<meta property=\"article:publisher\" content=\"https:\/\/www.facebook.com\/ALLTOLERIE\" \/>\n<meta property=\"article:published_time\" content=\"2025-03-28T12:15:10+00:00\" \/>\n<meta property=\"article:modified_time\" content=\"2025-04-24T09:19:03+00:00\" \/>\n<meta property=\"og:image\" content=\"https:\/\/com-pac.ovh\/preprod1\/wp-content\/uploads\/2025\/03\/creation-porte-vitree.jpg\" \/>\n\t<meta property=\"og:image:width\" content=\"600\" \/>\n\t<meta property=\"og:image:height\" content=\"400\" \/>\n\t<meta property=\"og:image:type\" content=\"image\/jpeg\" \/>\n<meta name=\"author\" content=\"ComallTolPacrie\" \/>\n<meta name=\"twitter:card\" content=\"summary_large_image\" \/>\n<meta name=\"twitter:label1\" content=\"\u00c9crit par\" \/>\n\t<meta name=\"twitter:data1\" content=\"ComallTolPacrie\" \/>\n\t<meta name=\"twitter:label2\" content=\"Dur\u00e9e de lecture estim\u00e9e\" \/>\n\t<meta name=\"twitter:data2\" content=\"1 minute\" \/>\n<script type=\"application\/ld+json\" class=\"yoast-schema-graph\">{\"@context\":\"https:\/\/schema.org\",\"@graph\":[{\"@type\":\"Article\",\"@id\":\"https:\/\/com-pac.ovh\/preprod1\/realisations\/porte-vitree-en-glace-sans-teint-sur-mesure-en-acier\/#article\",\"isPartOf\":{\"@id\":\"https:\/\/com-pac.ovh\/preprod1\/realisations\/porte-vitree-en-glace-sans-teint-sur-mesure-en-acier\/\"},\"author\":{\"name\":\"ComallTolPacrie\",\"@id\":\"https:\/\/com-pac.ovh\/preprod1\/#\/schema\/person\/ec00c50f47be78e628281033fbbec35e\"},\"headline\":\"Porte Vitr\u00e9e en Glace Sans Teint sur Mesure en Acier\",\"datePublished\":\"2025-03-28T12:15:10+00:00\",\"dateModified\":\"2025-04-24T09:19:03+00:00\",\"mainEntityOfPage\":{\"@id\":\"https:\/\/com-pac.ovh\/preprod1\/realisations\/porte-vitree-en-glace-sans-teint-sur-mesure-en-acier\/\"},\"wordCount\":81,\"commentCount\":0,\"publisher\":{\"@id\":\"https:\/\/com-pac.ovh\/preprod1\/#organization\"},\"image\":{\"@id\":\"https:\/\/com-pac.ovh\/preprod1\/realisations\/porte-vitree-en-glace-sans-teint-sur-mesure-en-acier\/#primaryimage\"},\"thumbnailUrl\":\"https:\/\/com-pac.ovh\/preprod1\/wp-content\/uploads\/2025\/03\/creation-porte-vitree.jpg\",\"articleSection\":[\"Portes blind\u00e9es &amp; t\u00f4l\u00e9es\",\"R\u00e9alisations\"],\"inLanguage\":\"fr-FR\",\"potentialAction\":[{\"@type\":\"CommentAction\",\"name\":\"Comment\",\"target\":[\"https:\/\/com-pac.ovh\/preprod1\/realisations\/porte-vitree-en-glace-sans-teint-sur-mesure-en-acier\/#respond\"]}]},{\"@type\":\"WebPage\",\"@id\":\"https:\/\/com-pac.ovh\/preprod1\/realisations\/porte-vitree-en-glace-sans-teint-sur-mesure-en-acier\/\",\"url\":\"https:\/\/com-pac.ovh\/preprod1\/realisations\/porte-vitree-en-glace-sans-teint-sur-mesure-en-acier\/\",\"name\":\"Porte Vitr\u00e9e en Glace Sans Teint sur Mesure en Acier - R\u00e9alisations - ALL TOLERIE\",\"isPartOf\":{\"@id\":\"https:\/\/com-pac.ovh\/preprod1\/#website\"},\"primaryImageOfPage\":{\"@id\":\"https:\/\/com-pac.ovh\/preprod1\/realisations\/porte-vitree-en-glace-sans-teint-sur-mesure-en-acier\/#primaryimage\"},\"image\":{\"@id\":\"https:\/\/com-pac.ovh\/preprod1\/realisations\/porte-vitree-en-glace-sans-teint-sur-mesure-en-acier\/#primaryimage\"},\"thumbnailUrl\":\"https:\/\/com-pac.ovh\/preprod1\/wp-content\/uploads\/2025\/03\/creation-porte-vitree.jpg\",\"datePublished\":\"2025-03-28T12:15:10+00:00\",\"dateModified\":\"2025-04-24T09:19:03+00:00\",\"breadcrumb\":{\"@id\":\"https:\/\/com-pac.ovh\/preprod1\/realisations\/porte-vitree-en-glace-sans-teint-sur-mesure-en-acier\/#breadcrumb\"},\"inLanguage\":\"fr-FR\",\"potentialAction\":[{\"@type\":\"ReadAction\",\"target\":[\"https:\/\/com-pac.ovh\/preprod1\/realisations\/porte-vitree-en-glace-sans-teint-sur-mesure-en-acier\/\"]}]},{\"@type\":\"ImageObject\",\"inLanguage\":\"fr-FR\",\"@id\":\"https:\/\/com-pac.ovh\/preprod1\/realisations\/porte-vitree-en-glace-sans-teint-sur-mesure-en-acier\/#primaryimage\",\"url\":\"https:\/\/com-pac.ovh\/preprod1\/wp-content\/uploads\/2025\/03\/creation-porte-vitree.jpg\",\"contentUrl\":\"https:\/\/com-pac.ovh\/preprod1\/wp-content\/uploads\/2025\/03\/creation-porte-vitree.jpg\",\"width\":600,\"height\":400},{\"@type\":\"BreadcrumbList\",\"@id\":\"https:\/\/com-pac.ovh\/preprod1\/realisations\/porte-vitree-en-glace-sans-teint-sur-mesure-en-acier\/#breadcrumb\",\"itemListElement\":[{\"@type\":\"ListItem\",\"position\":1,\"name\":\"Accueil\",\"item\":\"https:\/\/com-pac.ovh\/preprod1\/\"},{\"@type\":\"ListItem\",\"position\":2,\"name\":\"Porte Vitr\u00e9e en Glace Sans Teint sur Mesure en Acier\"}]},{\"@type\":\"WebSite\",\"@id\":\"https:\/\/com-pac.ovh\/preprod1\/#website\",\"url\":\"https:\/\/com-pac.ovh\/preprod1\/\",\"name\":\"ALL TOLERIE\",\"description\":\"\",\"publisher\":{\"@id\":\"https:\/\/com-pac.ovh\/preprod1\/#organization\"},\"potentialAction\":[{\"@type\":\"SearchAction\",\"target\":{\"@type\":\"EntryPoint\",\"urlTemplate\":\"https:\/\/com-pac.ovh\/preprod1\/?s={search_term_string}\"},\"query-input\":{\"@type\":\"PropertyValueSpecification\",\"valueRequired\":true,\"valueName\":\"search_term_string\"}}],\"inLanguage\":\"fr-FR\"},{\"@type\":\"Organization\",\"@id\":\"https:\/\/com-pac.ovh\/preprod1\/#organization\",\"name\":\"ALL TOLERIE\",\"url\":\"https:\/\/com-pac.ovh\/preprod1\/\",\"logo\":{\"@type\":\"ImageObject\",\"inLanguage\":\"fr-FR\",\"@id\":\"https:\/\/com-pac.ovh\/preprod1\/#\/schema\/logo\/image\/\",\"url\":\"https:\/\/com-pac.ovh\/preprod1\/wp-content\/uploads\/2025\/03\/LOGO-ALL-TOLERIE.jpg\",\"contentUrl\":\"https:\/\/com-pac.ovh\/preprod1\/wp-content\/uploads\/2025\/03\/LOGO-ALL-TOLERIE.jpg\",\"width\":261,\"height\":55,\"caption\":\"ALL TOLERIE\"},\"image\":{\"@id\":\"https:\/\/com-pac.ovh\/preprod1\/#\/schema\/logo\/image\/\"},\"sameAs\":[\"https:\/\/www.facebook.com\/ALLTOLERIE\",\"https:\/\/www.instagram.com\/alltolerie\/\",\"https:\/\/www.youtube.com\/@alltoleriealltolerie7438\"]},{\"@type\":\"Person\",\"@id\":\"https:\/\/com-pac.ovh\/preprod1\/#\/schema\/person\/ec00c50f47be78e628281033fbbec35e\",\"name\":\"ComallTolPacrie\",\"image\":{\"@type\":\"ImageObject\",\"inLanguage\":\"fr-FR\",\"@id\":\"https:\/\/com-pac.ovh\/preprod1\/#\/schema\/person\/image\/\",\"url\":\"https:\/\/secure.gravatar.com\/avatar\/f3176d2c390a2eba3f75c1f527baa199269c2757badfadb4816973fdf4acd689?s=96&d=mm&r=g\",\"contentUrl\":\"https:\/\/secure.gravatar.com\/avatar\/f3176d2c390a2eba3f75c1f527baa199269c2757badfadb4816973fdf4acd689?s=96&d=mm&r=g\",\"caption\":\"ComallTolPacrie\"},\"sameAs\":[\"http:\/\/com-pac.ovh\/preprod1\"]}]}<\/script>\n<!-- \/ Yoast SEO plugin. -->","yoast_head_json":{"title":"Porte Vitr\u00e9e en Glace Sans Teint sur Mesure en Acier - R\u00e9alisations - ALL TOLERIE","robots":{"index":"noindex","follow":"follow","max-snippet":"max-snippet:-1","max-image-preview":"max-image-preview:large","max-video-preview":"max-video-preview:-1"},"og_locale":"fr_FR","og_type":"article","og_title":"Porte Vitr\u00e9e en Glace Sans Teint sur Mesure en Acier - R\u00e9alisations - ALL TOLERIE","og_description":"Porte Vitr\u00e9e en Glace Sans Teint sur Mesure en Acier :\u00a0Esth\u00e9tisme et S\u00e9curit\u00e9 Personnalis\u00e9e R\u00e9alisation sur mesure de portes vitr\u00e9es en glace sans teint, avec une structure en acier, alliant transparence, design moderne et s\u00e9curit\u00e9 renforc\u00e9e. Chaque projet est con\u00e7u pour offrir une excellente isolation tout en respectant vos besoins esth\u00e9tiques et fonctionnels, garantissant une [&hellip;]","og_url":"https:\/\/com-pac.ovh\/preprod1\/realisations\/porte-vitree-en-glace-sans-teint-sur-mesure-en-acier\/","og_site_name":"ALL TOLERIE","article_publisher":"https:\/\/www.facebook.com\/ALLTOLERIE","article_published_time":"2025-03-28T12:15:10+00:00","article_modified_time":"2025-04-24T09:19:03+00:00","og_image":[{"width":600,"height":400,"url":"https:\/\/com-pac.ovh\/preprod1\/wp-content\/uploads\/2025\/03\/creation-porte-vitree.jpg","type":"image\/jpeg"}],"author":"ComallTolPacrie","twitter_card":"summary_large_image","twitter_misc":{"\u00c9crit par":"ComallTolPacrie","Dur\u00e9e de lecture estim\u00e9e":"1 minute"},"schema":{"@context":"https:\/\/schema.org","@graph":[{"@type":"Article","@id":"https:\/\/com-pac.ovh\/preprod1\/realisations\/porte-vitree-en-glace-sans-teint-sur-mesure-en-acier\/#article","isPartOf":{"@id":"https:\/\/com-pac.ovh\/preprod1\/realisations\/porte-vitree-en-glace-sans-teint-sur-mesure-en-acier\/"},"author":{"name":"ComallTolPacrie","@id":"https:\/\/com-pac.ovh\/preprod1\/#\/schema\/person\/ec00c50f47be78e628281033fbbec35e"},"headline":"Porte Vitr\u00e9e en Glace Sans Teint sur Mesure en Acier","datePublished":"2025-03-28T12:15:10+00:00","dateModified":"2025-04-24T09:19:03+00:00","mainEntityOfPage":{"@id":"https:\/\/com-pac.ovh\/preprod1\/realisations\/porte-vitree-en-glace-sans-teint-sur-mesure-en-acier\/"},"wordCount":81,"commentCount":0,"publisher":{"@id":"https:\/\/com-pac.ovh\/preprod1\/#organization"},"image":{"@id":"https:\/\/com-pac.ovh\/preprod1\/realisations\/porte-vitree-en-glace-sans-teint-sur-mesure-en-acier\/#primaryimage"},"thumbnailUrl":"https:\/\/com-pac.ovh\/preprod1\/wp-content\/uploads\/2025\/03\/creation-porte-vitree.jpg","articleSection":["Portes blind\u00e9es &amp; t\u00f4l\u00e9es","R\u00e9alisations"],"inLanguage":"fr-FR","potentialAction":[{"@type":"CommentAction","name":"Comment","target":["https:\/\/com-pac.ovh\/preprod1\/realisations\/porte-vitree-en-glace-sans-teint-sur-mesure-en-acier\/#respond"]}]},{"@type":"WebPage","@id":"https:\/\/com-pac.ovh\/preprod1\/realisations\/porte-vitree-en-glace-sans-teint-sur-mesure-en-acier\/","url":"https:\/\/com-pac.ovh\/preprod1\/realisations\/porte-vitree-en-glace-sans-teint-sur-mesure-en-acier\/","name":"Porte Vitr\u00e9e en Glace Sans Teint sur Mesure en Acier - R\u00e9alisations - ALL TOLERIE","isPartOf":{"@id":"https:\/\/com-pac.ovh\/preprod1\/#website"},"primaryImageOfPage":{"@id":"https:\/\/com-pac.ovh\/preprod1\/realisations\/porte-vitree-en-glace-sans-teint-sur-mesure-en-acier\/#primaryimage"},"image":{"@id":"https:\/\/com-pac.ovh\/preprod1\/realisations\/porte-vitree-en-glace-sans-teint-sur-mesure-en-acier\/#primaryimage"},"thumbnailUrl":"https:\/\/com-pac.ovh\/preprod1\/wp-content\/uploads\/2025\/03\/creation-porte-vitree.jpg","datePublished":"2025-03-28T12:15:10+00:00","dateModified":"2025-04-24T09:19:03+00:00","breadcrumb":{"@id":"https:\/\/com-pac.ovh\/preprod1\/realisations\/porte-vitree-en-glace-sans-teint-sur-mesure-en-acier\/#breadcrumb"},"inLanguage":"fr-FR","potentialAction":[{"@type":"ReadAction","target":["https:\/\/com-pac.ovh\/preprod1\/realisations\/porte-vitree-en-glace-sans-teint-sur-mesure-en-acier\/"]}]},{"@type":"ImageObject","inLanguage":"fr-FR","@id":"https:\/\/com-pac.ovh\/preprod1\/realisations\/porte-vitree-en-glace-sans-teint-sur-mesure-en-acier\/#primaryimage","url":"https:\/\/com-pac.ovh\/preprod1\/wp-content\/uploads\/2025\/03\/creation-porte-vitree.jpg","contentUrl":"https:\/\/com-pac.ovh\/preprod1\/wp-content\/uploads\/2025\/03\/creation-porte-vitree.jpg","width":600,"height":400},{"@type":"BreadcrumbList","@id":"https:\/\/com-pac.ovh\/preprod1\/realisations\/porte-vitree-en-glace-sans-teint-sur-mesure-en-acier\/#breadcrumb","itemListElement":[{"@type":"ListItem","position":1,"name":"Accueil","item":"https:\/\/com-pac.ovh\/preprod1\/"},{"@type":"ListItem","position":2,"name":"Porte Vitr\u00e9e en Glace Sans Teint sur Mesure en Acier"}]},{"@type":"WebSite","@id":"https:\/\/com-pac.ovh\/preprod1\/#website","url":"https:\/\/com-pac.ovh\/preprod1\/","name":"ALL TOLERIE","description":"","publisher":{"@id":"https:\/\/com-pac.ovh\/preprod1\/#organization"},"potentialAction":[{"@type":"SearchAction","target":{"@type":"EntryPoint","urlTemplate":"https:\/\/com-pac.ovh\/preprod1\/?s={search_term_string}"},"query-input":{"@type":"PropertyValueSpecification","valueRequired":true,"valueName":"search_term_string"}}],"inLanguage":"fr-FR"},{"@type":"Organization","@id":"https:\/\/com-pac.ovh\/preprod1\/#organization","name":"ALL TOLERIE","url":"https:\/\/com-pac.ovh\/preprod1\/","logo":{"@type":"ImageObject","inLanguage":"fr-FR","@id":"https:\/\/com-pac.ovh\/preprod1\/#\/schema\/logo\/image\/","url":"https:\/\/com-pac.ovh\/preprod1\/wp-content\/uploads\/2025\/03\/LOGO-ALL-TOLERIE.jpg","contentUrl":"https:\/\/com-pac.ovh\/preprod1\/wp-content\/uploads\/2025\/03\/LOGO-ALL-TOLERIE.jpg","width":261,"height":55,"caption":"ALL TOLERIE"},"image":{"@id":"https:\/\/com-pac.ovh\/preprod1\/#\/schema\/logo\/image\/"},"sameAs":["https:\/\/www.facebook.com\/ALLTOLERIE","https:\/\/www.instagram.com\/alltolerie\/","https:\/\/www.youtube.com\/@alltoleriealltolerie7438"]},{"@type":"Person","@id":"https:\/\/com-pac.ovh\/preprod1\/#\/schema\/person\/ec00c50f47be78e628281033fbbec35e","name":"ComallTolPacrie","image":{"@type":"ImageObject","inLanguage":"fr-FR","@id":"https:\/\/com-pac.ovh\/preprod1\/#\/schema\/person\/image\/","url":"https:\/\/secure.gravatar.com\/avatar\/f3176d2c390a2eba3f75c1f527baa199269c2757badfadb4816973fdf4acd689?s=96&d=mm&r=g","contentUrl":"https:\/\/secure.gravatar.com\/avatar\/f3176d2c390a2eba3f75c1f527baa199269c2757badfadb4816973fdf4acd689?s=96&d=mm&r=g","caption":"ComallTolPacrie"},"sameAs":["http:\/\/com-pac.ovh\/preprod1"]}]}},"_links":{"self":[{"href":"https:\/\/com-pac.ovh\/preprod1\/wp-json\/wp\/v2\/posts\/1749","targetHints":{"allow":["GET"]}}],"collection":[{"href":"https:\/\/com-pac.ovh\/preprod1\/wp-json\/wp\/v2\/posts"}],"about":[{"href":"https:\/\/com-pac.ovh\/preprod1\/wp-json\/wp\/v2\/types\/post"}],"author":[{"embeddable":true,"href":"https:\/\/com-pac.ovh\/preprod1\/wp-json\/wp\/v2\/users\/1"}],"replies":[{"embeddable":true,"href":"https:\/\/com-pac.ovh\/preprod1\/wp-json\/wp\/v2\/comments?post=1749"}],"version-history":[{"count":3,"href":"https:\/\/com-pac.ovh\/preprod1\/wp-json\/wp\/v2\/posts\/1749\/revisions"}],"predecessor-version":[{"id":1845,"href":"https:\/\/com-pac.ovh\/preprod1\/wp-json\/wp\/v2\/posts\/1749\/revisions\/1845"}],"wp:featuredmedia":[{"embeddable":true,"href":"https:\/\/com-pac.ovh\/preprod1\/wp-json\/wp\/v2\/media\/1750"}],"wp:attachment":[{"href":"https:\/\/com-pac.ovh\/preprod1\/wp-json\/wp\/v2\/media?parent=1749"}],"wp:term":[{"taxonomy":"category","embeddable":true,"href":"https:\/\/com-pac.ovh\/preprod1\/wp-json\/wp\/v2\/categories?post=1749"},{"taxonomy":"post_tag","embeddable":true,"href":"https:\/\/com-pac.ovh\/preprod1\/wp-json\/wp\/v2\/tags?post=1749"}],"curies":[{"name":"wp","href":"https:\/\/api.w.org\/{rel}","templated":true}]}}