{"id":1799,"date":"2025-03-28T13:58:32","date_gmt":"2025-03-28T12:58:32","guid":{"rendered":"https:\/\/com-pac.ovh\/preprod1\/?p=1799"},"modified":"2025-03-28T14:39:43","modified_gmt":"2025-03-28T13:39:43","slug":"porte-verriere-en-aluminium-sur-mesure","status":"publish","type":"post","link":"https:\/\/com-pac.ovh\/preprod1\/realisations\/porte-verriere-en-aluminium-sur-mesure\/","title":{"rendered":"Porte Verri\u00e8re en Aluminium sur Mesure"},"content":{"rendered":"<article class=\"w-full text-token-text-primary\" dir=\"auto\" data-testid=\"conversation-turn-78\" data-scroll-anchor=\"true\">\n<div class=\"text-base my-auto mx-auto py-5 px-6\">\n<div class=\"mx-auto flex flex-1 text-base gap-4 md:gap-5 lg:gap-6 md:max-w-3xl group\/turn-messages focus-visible:outline-none\" tabindex=\"-1\">\n<div class=\"group\/conversation-turn relative flex w-full min-w-0 flex-col agent-turn @xs\/thread:px-0 @sm\/thread:px-1.5 @md\/thread:px-4\">\n<div class=\"relative flex-col gap-1 md:gap-3\">\n<div class=\"flex max-w-full flex-col flex-grow\">\n<div class=\"min-h-8 text-message relative flex w-full flex-col items-end gap-2 whitespace-normal break-words text-start [.text-message+&amp;]:mt-5\" dir=\"auto\" data-message-author-role=\"assistant\" data-message-id=\"a5997a61-1c5f-4c36-b918-bb089aa868b5\" data-message-model-slug=\"gpt-4o-mini\">\n<div class=\"flex w-full flex-col gap-1 empty:hidden first:pt-[3px]\">\n<div class=\"markdown prose w-full break-words dark:prose-invert light\">\n<h3 data-start=\"0\" data-end=\"95\"><strong data-start=\"0\" data-end=\"44\">Porte Verri\u00e8re en Aluminium sur Mesure :<\/strong><br data-start=\"44\" data-end=\"47\" \/><strong data-start=\"47\" data-end=\"93\">Design \u00c9l\u00e9gant et Robustesse<\/strong><\/h3>\n<p class=\"\" data-start=\"97\" data-end=\"347\">R\u00e9alisation sur mesure de portes verri\u00e8res en aluminium, alliant esth\u00e9tique moderne et performance. Chaque projet est con\u00e7u pour offrir une solution \u00e9l\u00e9gante, durable et parfaitement adapt\u00e9e \u00e0 vos besoins, tout en garantissant une finition soign\u00e9e.<\/p>\n<p class=\"\" data-start=\"349\" data-end=\"379\">\n<\/div>\n<\/div>\n<\/div>\n<\/div>\n<div class=\"flex justify-start\"><\/div>\n<div class=\"mt-3 w-full empty:hidden\">\n<div class=\"text-center\"><\/div>\n<\/div>\n<\/div>\n<div class=\"absolute\">\n<div class=\"flex items-center justify-center\"><\/div>\n<\/div>\n<\/div>\n<\/div>\n<\/div>\n<\/article>\n<div class=\"pointer-events-none h-px w-px\" aria-hidden=\"true\" data-edge=\"true\"><\/div>\n","protected":false},"excerpt":{"rendered":"<p>Porte Verri\u00e8re en Aluminium sur Mesure :Design \u00c9l\u00e9gant et Robustesse R\u00e9alisation sur mesure de portes verri\u00e8res en aluminium, alliant esth\u00e9tique moderne et performance. Chaque projet est con\u00e7u pour offrir une solution \u00e9l\u00e9gante, durable et parfaitement adapt\u00e9e \u00e0 vos besoins, tout en garantissant une finition soign\u00e9e.<\/p>\n","protected":false},"author":1,"featured_media":1800,"comment_status":"open","ping_status":"open","sticky":false,"template":"","format":"standard","meta":{"_acf_changed":false,"footnotes":""},"categories":[8,15],"tags":[],"class_list":["post-1799","post","type-post","status-publish","format-standard","has-post-thumbnail","hentry","category-realisations","category-verrieres"],"acf":[],"yoast_head":"<!-- This site is optimized with the Yoast SEO plugin v24.9 - https:\/\/yoast.com\/wordpress\/plugins\/seo\/ -->\n<title>Porte Verri\u00e8re en Aluminium sur Mesure - R\u00e9alisations - ALL TOLERIE<\/title>\n<meta name=\"robots\" content=\"noindex, follow, max-snippet:-1, max-image-preview:large, max-video-preview:-1\" \/>\n<meta property=\"og:locale\" content=\"fr_FR\" \/>\n<meta property=\"og:type\" content=\"article\" \/>\n<meta property=\"og:title\" content=\"Porte Verri\u00e8re en Aluminium sur Mesure - R\u00e9alisations - ALL TOLERIE\" \/>\n<meta property=\"og:description\" content=\"Porte Verri\u00e8re en Aluminium sur Mesure :Design \u00c9l\u00e9gant et Robustesse R\u00e9alisation sur mesure de portes verri\u00e8res en aluminium, alliant esth\u00e9tique moderne et performance. Chaque projet est con\u00e7u pour offrir une solution \u00e9l\u00e9gante, durable et parfaitement adapt\u00e9e \u00e0 vos besoins, tout en garantissant une finition soign\u00e9e.\" \/>\n<meta property=\"og:url\" content=\"https:\/\/com-pac.ovh\/preprod1\/realisations\/porte-verriere-en-aluminium-sur-mesure\/\" \/>\n<meta property=\"og:site_name\" content=\"ALL TOLERIE\" \/>\n<meta property=\"article:publisher\" content=\"https:\/\/www.facebook.com\/ALLTOLERIE\" \/>\n<meta property=\"article:published_time\" content=\"2025-03-28T12:58:32+00:00\" \/>\n<meta property=\"article:modified_time\" content=\"2025-03-28T13:39:43+00:00\" \/>\n<meta property=\"og:image\" content=\"https:\/\/com-pac.ovh\/preprod1\/wp-content\/uploads\/2025\/03\/creation-porte-verriere.jpg\" \/>\n\t<meta property=\"og:image:width\" content=\"600\" \/>\n\t<meta property=\"og:image:height\" content=\"400\" \/>\n\t<meta property=\"og:image:type\" content=\"image\/jpeg\" \/>\n<meta name=\"author\" content=\"ComallTolPacrie\" \/>\n<meta name=\"twitter:card\" content=\"summary_large_image\" \/>\n<meta name=\"twitter:label1\" content=\"\u00c9crit par\" \/>\n\t<meta name=\"twitter:data1\" content=\"ComallTolPacrie\" \/>\n\t<meta name=\"twitter:label2\" content=\"Dur\u00e9e de lecture estim\u00e9e\" \/>\n\t<meta name=\"twitter:data2\" content=\"1 minute\" \/>\n<script type=\"application\/ld+json\" class=\"yoast-schema-graph\">{\"@context\":\"https:\/\/schema.org\",\"@graph\":[{\"@type\":\"Article\",\"@id\":\"https:\/\/com-pac.ovh\/preprod1\/realisations\/porte-verriere-en-aluminium-sur-mesure\/#article\",\"isPartOf\":{\"@id\":\"https:\/\/com-pac.ovh\/preprod1\/realisations\/porte-verriere-en-aluminium-sur-mesure\/\"},\"author\":{\"name\":\"ComallTolPacrie\",\"@id\":\"https:\/\/com-pac.ovh\/preprod1\/#\/schema\/person\/ec00c50f47be78e628281033fbbec35e\"},\"headline\":\"Porte Verri\u00e8re en Aluminium sur Mesure\",\"datePublished\":\"2025-03-28T12:58:32+00:00\",\"dateModified\":\"2025-03-28T13:39:43+00:00\",\"mainEntityOfPage\":{\"@id\":\"https:\/\/com-pac.ovh\/preprod1\/realisations\/porte-verriere-en-aluminium-sur-mesure\/\"},\"wordCount\":60,\"commentCount\":0,\"publisher\":{\"@id\":\"https:\/\/com-pac.ovh\/preprod1\/#organization\"},\"image\":{\"@id\":\"https:\/\/com-pac.ovh\/preprod1\/realisations\/porte-verriere-en-aluminium-sur-mesure\/#primaryimage\"},\"thumbnailUrl\":\"https:\/\/com-pac.ovh\/preprod1\/wp-content\/uploads\/2025\/03\/creation-porte-verriere.jpg\",\"articleSection\":[\"R\u00e9alisations\",\"Verri\u00e8res\"],\"inLanguage\":\"fr-FR\",\"potentialAction\":[{\"@type\":\"CommentAction\",\"name\":\"Comment\",\"target\":[\"https:\/\/com-pac.ovh\/preprod1\/realisations\/porte-verriere-en-aluminium-sur-mesure\/#respond\"]}]},{\"@type\":\"WebPage\",\"@id\":\"https:\/\/com-pac.ovh\/preprod1\/realisations\/porte-verriere-en-aluminium-sur-mesure\/\",\"url\":\"https:\/\/com-pac.ovh\/preprod1\/realisations\/porte-verriere-en-aluminium-sur-mesure\/\",\"name\":\"Porte Verri\u00e8re en Aluminium sur Mesure - R\u00e9alisations - ALL TOLERIE\",\"isPartOf\":{\"@id\":\"https:\/\/com-pac.ovh\/preprod1\/#website\"},\"primaryImageOfPage\":{\"@id\":\"https:\/\/com-pac.ovh\/preprod1\/realisations\/porte-verriere-en-aluminium-sur-mesure\/#primaryimage\"},\"image\":{\"@id\":\"https:\/\/com-pac.ovh\/preprod1\/realisations\/porte-verriere-en-aluminium-sur-mesure\/#primaryimage\"},\"thumbnailUrl\":\"https:\/\/com-pac.ovh\/preprod1\/wp-content\/uploads\/2025\/03\/creation-porte-verriere.jpg\",\"datePublished\":\"2025-03-28T12:58:32+00:00\",\"dateModified\":\"2025-03-28T13:39:43+00:00\",\"breadcrumb\":{\"@id\":\"https:\/\/com-pac.ovh\/preprod1\/realisations\/porte-verriere-en-aluminium-sur-mesure\/#breadcrumb\"},\"inLanguage\":\"fr-FR\",\"potentialAction\":[{\"@type\":\"ReadAction\",\"target\":[\"https:\/\/com-pac.ovh\/preprod1\/realisations\/porte-verriere-en-aluminium-sur-mesure\/\"]}]},{\"@type\":\"ImageObject\",\"inLanguage\":\"fr-FR\",\"@id\":\"https:\/\/com-pac.ovh\/preprod1\/realisations\/porte-verriere-en-aluminium-sur-mesure\/#primaryimage\",\"url\":\"https:\/\/com-pac.ovh\/preprod1\/wp-content\/uploads\/2025\/03\/creation-porte-verriere.jpg\",\"contentUrl\":\"https:\/\/com-pac.ovh\/preprod1\/wp-content\/uploads\/2025\/03\/creation-porte-verriere.jpg\",\"width\":600,\"height\":400},{\"@type\":\"BreadcrumbList\",\"@id\":\"https:\/\/com-pac.ovh\/preprod1\/realisations\/porte-verriere-en-aluminium-sur-mesure\/#breadcrumb\",\"itemListElement\":[{\"@type\":\"ListItem\",\"position\":1,\"name\":\"Accueil\",\"item\":\"https:\/\/com-pac.ovh\/preprod1\/\"},{\"@type\":\"ListItem\",\"position\":2,\"name\":\"Porte Verri\u00e8re en Aluminium sur Mesure\"}]},{\"@type\":\"WebSite\",\"@id\":\"https:\/\/com-pac.ovh\/preprod1\/#website\",\"url\":\"https:\/\/com-pac.ovh\/preprod1\/\",\"name\":\"ALL TOLERIE\",\"description\":\"\",\"publisher\":{\"@id\":\"https:\/\/com-pac.ovh\/preprod1\/#organization\"},\"potentialAction\":[{\"@type\":\"SearchAction\",\"target\":{\"@type\":\"EntryPoint\",\"urlTemplate\":\"https:\/\/com-pac.ovh\/preprod1\/?s={search_term_string}\"},\"query-input\":{\"@type\":\"PropertyValueSpecification\",\"valueRequired\":true,\"valueName\":\"search_term_string\"}}],\"inLanguage\":\"fr-FR\"},{\"@type\":\"Organization\",\"@id\":\"https:\/\/com-pac.ovh\/preprod1\/#organization\",\"name\":\"ALL TOLERIE\",\"url\":\"https:\/\/com-pac.ovh\/preprod1\/\",\"logo\":{\"@type\":\"ImageObject\",\"inLanguage\":\"fr-FR\",\"@id\":\"https:\/\/com-pac.ovh\/preprod1\/#\/schema\/logo\/image\/\",\"url\":\"https:\/\/com-pac.ovh\/preprod1\/wp-content\/uploads\/2025\/03\/LOGO-ALL-TOLERIE.jpg\",\"contentUrl\":\"https:\/\/com-pac.ovh\/preprod1\/wp-content\/uploads\/2025\/03\/LOGO-ALL-TOLERIE.jpg\",\"width\":261,\"height\":55,\"caption\":\"ALL TOLERIE\"},\"image\":{\"@id\":\"https:\/\/com-pac.ovh\/preprod1\/#\/schema\/logo\/image\/\"},\"sameAs\":[\"https:\/\/www.facebook.com\/ALLTOLERIE\",\"https:\/\/www.instagram.com\/alltolerie\/\",\"https:\/\/www.youtube.com\/@alltoleriealltolerie7438\"]},{\"@type\":\"Person\",\"@id\":\"https:\/\/com-pac.ovh\/preprod1\/#\/schema\/person\/ec00c50f47be78e628281033fbbec35e\",\"name\":\"ComallTolPacrie\",\"image\":{\"@type\":\"ImageObject\",\"inLanguage\":\"fr-FR\",\"@id\":\"https:\/\/com-pac.ovh\/preprod1\/#\/schema\/person\/image\/\",\"url\":\"https:\/\/secure.gravatar.com\/avatar\/f3176d2c390a2eba3f75c1f527baa199269c2757badfadb4816973fdf4acd689?s=96&d=mm&r=g\",\"contentUrl\":\"https:\/\/secure.gravatar.com\/avatar\/f3176d2c390a2eba3f75c1f527baa199269c2757badfadb4816973fdf4acd689?s=96&d=mm&r=g\",\"caption\":\"ComallTolPacrie\"},\"sameAs\":[\"http:\/\/com-pac.ovh\/preprod1\"]}]}<\/script>\n<!-- \/ Yoast SEO plugin. -->","yoast_head_json":{"title":"Porte Verri\u00e8re en Aluminium sur Mesure - R\u00e9alisations - ALL TOLERIE","robots":{"index":"noindex","follow":"follow","max-snippet":"max-snippet:-1","max-image-preview":"max-image-preview:large","max-video-preview":"max-video-preview:-1"},"og_locale":"fr_FR","og_type":"article","og_title":"Porte Verri\u00e8re en Aluminium sur Mesure - R\u00e9alisations - ALL TOLERIE","og_description":"Porte Verri\u00e8re en Aluminium sur Mesure :Design \u00c9l\u00e9gant et Robustesse R\u00e9alisation sur mesure de portes verri\u00e8res en aluminium, alliant esth\u00e9tique moderne et performance. Chaque projet est con\u00e7u pour offrir une solution \u00e9l\u00e9gante, durable et parfaitement adapt\u00e9e \u00e0 vos besoins, tout en garantissant une finition soign\u00e9e.","og_url":"https:\/\/com-pac.ovh\/preprod1\/realisations\/porte-verriere-en-aluminium-sur-mesure\/","og_site_name":"ALL TOLERIE","article_publisher":"https:\/\/www.facebook.com\/ALLTOLERIE","article_published_time":"2025-03-28T12:58:32+00:00","article_modified_time":"2025-03-28T13:39:43+00:00","og_image":[{"width":600,"height":400,"url":"https:\/\/com-pac.ovh\/preprod1\/wp-content\/uploads\/2025\/03\/creation-porte-verriere.jpg","type":"image\/jpeg"}],"author":"ComallTolPacrie","twitter_card":"summary_large_image","twitter_misc":{"\u00c9crit par":"ComallTolPacrie","Dur\u00e9e de lecture estim\u00e9e":"1 minute"},"schema":{"@context":"https:\/\/schema.org","@graph":[{"@type":"Article","@id":"https:\/\/com-pac.ovh\/preprod1\/realisations\/porte-verriere-en-aluminium-sur-mesure\/#article","isPartOf":{"@id":"https:\/\/com-pac.ovh\/preprod1\/realisations\/porte-verriere-en-aluminium-sur-mesure\/"},"author":{"name":"ComallTolPacrie","@id":"https:\/\/com-pac.ovh\/preprod1\/#\/schema\/person\/ec00c50f47be78e628281033fbbec35e"},"headline":"Porte Verri\u00e8re en Aluminium sur Mesure","datePublished":"2025-03-28T12:58:32+00:00","dateModified":"2025-03-28T13:39:43+00:00","mainEntityOfPage":{"@id":"https:\/\/com-pac.ovh\/preprod1\/realisations\/porte-verriere-en-aluminium-sur-mesure\/"},"wordCount":60,"commentCount":0,"publisher":{"@id":"https:\/\/com-pac.ovh\/preprod1\/#organization"},"image":{"@id":"https:\/\/com-pac.ovh\/preprod1\/realisations\/porte-verriere-en-aluminium-sur-mesure\/#primaryimage"},"thumbnailUrl":"https:\/\/com-pac.ovh\/preprod1\/wp-content\/uploads\/2025\/03\/creation-porte-verriere.jpg","articleSection":["R\u00e9alisations","Verri\u00e8res"],"inLanguage":"fr-FR","potentialAction":[{"@type":"CommentAction","name":"Comment","target":["https:\/\/com-pac.ovh\/preprod1\/realisations\/porte-verriere-en-aluminium-sur-mesure\/#respond"]}]},{"@type":"WebPage","@id":"https:\/\/com-pac.ovh\/preprod1\/realisations\/porte-verriere-en-aluminium-sur-mesure\/","url":"https:\/\/com-pac.ovh\/preprod1\/realisations\/porte-verriere-en-aluminium-sur-mesure\/","name":"Porte Verri\u00e8re en Aluminium sur Mesure - R\u00e9alisations - ALL TOLERIE","isPartOf":{"@id":"https:\/\/com-pac.ovh\/preprod1\/#website"},"primaryImageOfPage":{"@id":"https:\/\/com-pac.ovh\/preprod1\/realisations\/porte-verriere-en-aluminium-sur-mesure\/#primaryimage"},"image":{"@id":"https:\/\/com-pac.ovh\/preprod1\/realisations\/porte-verriere-en-aluminium-sur-mesure\/#primaryimage"},"thumbnailUrl":"https:\/\/com-pac.ovh\/preprod1\/wp-content\/uploads\/2025\/03\/creation-porte-verriere.jpg","datePublished":"2025-03-28T12:58:32+00:00","dateModified":"2025-03-28T13:39:43+00:00","breadcrumb":{"@id":"https:\/\/com-pac.ovh\/preprod1\/realisations\/porte-verriere-en-aluminium-sur-mesure\/#breadcrumb"},"inLanguage":"fr-FR","potentialAction":[{"@type":"ReadAction","target":["https:\/\/com-pac.ovh\/preprod1\/realisations\/porte-verriere-en-aluminium-sur-mesure\/"]}]},{"@type":"ImageObject","inLanguage":"fr-FR","@id":"https:\/\/com-pac.ovh\/preprod1\/realisations\/porte-verriere-en-aluminium-sur-mesure\/#primaryimage","url":"https:\/\/com-pac.ovh\/preprod1\/wp-content\/uploads\/2025\/03\/creation-porte-verriere.jpg","contentUrl":"https:\/\/com-pac.ovh\/preprod1\/wp-content\/uploads\/2025\/03\/creation-porte-verriere.jpg","width":600,"height":400},{"@type":"BreadcrumbList","@id":"https:\/\/com-pac.ovh\/preprod1\/realisations\/porte-verriere-en-aluminium-sur-mesure\/#breadcrumb","itemListElement":[{"@type":"ListItem","position":1,"name":"Accueil","item":"https:\/\/com-pac.ovh\/preprod1\/"},{"@type":"ListItem","position":2,"name":"Porte Verri\u00e8re en Aluminium sur Mesure"}]},{"@type":"WebSite","@id":"https:\/\/com-pac.ovh\/preprod1\/#website","url":"https:\/\/com-pac.ovh\/preprod1\/","name":"ALL TOLERIE","description":"","publisher":{"@id":"https:\/\/com-pac.ovh\/preprod1\/#organization"},"potentialAction":[{"@type":"SearchAction","target":{"@type":"EntryPoint","urlTemplate":"https:\/\/com-pac.ovh\/preprod1\/?s={search_term_string}"},"query-input":{"@type":"PropertyValueSpecification","valueRequired":true,"valueName":"search_term_string"}}],"inLanguage":"fr-FR"},{"@type":"Organization","@id":"https:\/\/com-pac.ovh\/preprod1\/#organization","name":"ALL TOLERIE","url":"https:\/\/com-pac.ovh\/preprod1\/","logo":{"@type":"ImageObject","inLanguage":"fr-FR","@id":"https:\/\/com-pac.ovh\/preprod1\/#\/schema\/logo\/image\/","url":"https:\/\/com-pac.ovh\/preprod1\/wp-content\/uploads\/2025\/03\/LOGO-ALL-TOLERIE.jpg","contentUrl":"https:\/\/com-pac.ovh\/preprod1\/wp-content\/uploads\/2025\/03\/LOGO-ALL-TOLERIE.jpg","width":261,"height":55,"caption":"ALL TOLERIE"},"image":{"@id":"https:\/\/com-pac.ovh\/preprod1\/#\/schema\/logo\/image\/"},"sameAs":["https:\/\/www.facebook.com\/ALLTOLERIE","https:\/\/www.instagram.com\/alltolerie\/","https:\/\/www.youtube.com\/@alltoleriealltolerie7438"]},{"@type":"Person","@id":"https:\/\/com-pac.ovh\/preprod1\/#\/schema\/person\/ec00c50f47be78e628281033fbbec35e","name":"ComallTolPacrie","image":{"@type":"ImageObject","inLanguage":"fr-FR","@id":"https:\/\/com-pac.ovh\/preprod1\/#\/schema\/person\/image\/","url":"https:\/\/secure.gravatar.com\/avatar\/f3176d2c390a2eba3f75c1f527baa199269c2757badfadb4816973fdf4acd689?s=96&d=mm&r=g","contentUrl":"https:\/\/secure.gravatar.com\/avatar\/f3176d2c390a2eba3f75c1f527baa199269c2757badfadb4816973fdf4acd689?s=96&d=mm&r=g","caption":"ComallTolPacrie"},"sameAs":["http:\/\/com-pac.ovh\/preprod1"]}]}},"_links":{"self":[{"href":"https:\/\/com-pac.ovh\/preprod1\/wp-json\/wp\/v2\/posts\/1799","targetHints":{"allow":["GET"]}}],"collection":[{"href":"https:\/\/com-pac.ovh\/preprod1\/wp-json\/wp\/v2\/posts"}],"about":[{"href":"https:\/\/com-pac.ovh\/preprod1\/wp-json\/wp\/v2\/types\/post"}],"author":[{"embeddable":true,"href":"https:\/\/com-pac.ovh\/preprod1\/wp-json\/wp\/v2\/users\/1"}],"replies":[{"embeddable":true,"href":"https:\/\/com-pac.ovh\/preprod1\/wp-json\/wp\/v2\/comments?post=1799"}],"version-history":[{"count":3,"href":"https:\/\/com-pac.ovh\/preprod1\/wp-json\/wp\/v2\/posts\/1799\/revisions"}],"predecessor-version":[{"id":1868,"href":"https:\/\/com-pac.ovh\/preprod1\/wp-json\/wp\/v2\/posts\/1799\/revisions\/1868"}],"wp:featuredmedia":[{"embeddable":true,"href":"https:\/\/com-pac.ovh\/preprod1\/wp-json\/wp\/v2\/media\/1800"}],"wp:attachment":[{"href":"https:\/\/com-pac.ovh\/preprod1\/wp-json\/wp\/v2\/media?parent=1799"}],"wp:term":[{"taxonomy":"category","embeddable":true,"href":"https:\/\/com-pac.ovh\/preprod1\/wp-json\/wp\/v2\/categories?post=1799"},{"taxonomy":"post_tag","embeddable":true,"href":"https:\/\/com-pac.ovh\/preprod1\/wp-json\/wp\/v2\/tags?post=1799"}],"curies":[{"name":"wp","href":"https:\/\/api.w.org\/{rel}","templated":true}]}}