{"id":1802,"date":"2025-03-28T13:59:37","date_gmt":"2025-03-28T12:59:37","guid":{"rendered":"https:\/\/com-pac.ovh\/preprod1\/?p=1802"},"modified":"2025-03-28T14:39:57","modified_gmt":"2025-03-28T13:39:57","slug":"porte-verriere-aluminium-sur-mesure","status":"publish","type":"post","link":"https:\/\/com-pac.ovh\/preprod1\/realisations\/porte-verriere-aluminium-sur-mesure\/","title":{"rendered":"Porte Verri\u00e8re Aluminium sur Mesure"},"content":{"rendered":"<article class=\"w-full text-token-text-primary\" dir=\"auto\" data-testid=\"conversation-turn-80\" data-scroll-anchor=\"true\">\n<div class=\"text-base my-auto mx-auto py-5 px-6\">\n<div class=\"mx-auto flex flex-1 text-base gap-4 md:gap-5 lg:gap-6 md:max-w-3xl group\/turn-messages focus-visible:outline-none\" tabindex=\"-1\">\n<div class=\"group\/conversation-turn relative flex w-full min-w-0 flex-col agent-turn @xs\/thread:px-0 @sm\/thread:px-1.5 @md\/thread:px-4\">\n<div class=\"relative flex-col gap-1 md:gap-3\">\n<div class=\"flex max-w-full flex-col flex-grow\">\n<div class=\"min-h-8 text-message relative flex w-full flex-col items-end gap-2 whitespace-normal break-words text-start [.text-message+&amp;]:mt-5\" dir=\"auto\" data-message-author-role=\"assistant\" data-message-id=\"2a9d3a4b-f4ff-459e-b7ad-b69dda3b3fd3\" data-message-model-slug=\"gpt-4o-mini\">\n<div class=\"flex w-full flex-col gap-1 empty:hidden first:pt-[3px]\">\n<div class=\"markdown prose w-full break-words dark:prose-invert light\">\n<h3 data-start=\"0\" data-end=\"95\"><strong data-start=\"0\" data-end=\"41\">Porte Verri\u00e8re Aluminium sur Mesure :<\/strong><br data-start=\"41\" data-end=\"44\" \/><strong data-start=\"44\" data-end=\"93\">Design Contemporain et Solidit\u00e9 Personnalis\u00e9e<\/strong><\/h3>\n<p class=\"\" data-start=\"97\" data-end=\"364\">R\u00e9alisation sur mesure de portes verri\u00e8res en aluminium, offrant un \u00e9quilibre parfait entre modernit\u00e9, transparence et robustesse. Chaque projet est con\u00e7u pour s&rsquo;adapter \u00e0 vos besoins esth\u00e9tiques et fonctionnels, garantissant une installation durable et de qualit\u00e9.<\/p>\n<p class=\"\" data-start=\"366\" data-end=\"396\">\n<\/div>\n<\/div>\n<\/div>\n<\/div>\n<div class=\"flex justify-start\"><\/div>\n<div class=\"mt-3 w-full empty:hidden\">\n<div class=\"text-center\"><\/div>\n<\/div>\n<\/div>\n<div class=\"absolute\">\n<div class=\"flex items-center justify-center\"><\/div>\n<\/div>\n<\/div>\n<\/div>\n<\/div>\n<\/article>\n<div class=\"pointer-events-none h-px w-px\" aria-hidden=\"true\" data-edge=\"true\"><\/div>\n","protected":false},"excerpt":{"rendered":"<p>Porte Verri\u00e8re Aluminium sur Mesure :Design Contemporain et Solidit\u00e9 Personnalis\u00e9e R\u00e9alisation sur mesure de portes verri\u00e8res en aluminium, offrant un \u00e9quilibre parfait entre modernit\u00e9, transparence et robustesse. Chaque projet est con\u00e7u pour s&rsquo;adapter \u00e0 vos besoins esth\u00e9tiques et fonctionnels, garantissant une installation durable et de qualit\u00e9.<\/p>\n","protected":false},"author":1,"featured_media":1803,"comment_status":"open","ping_status":"open","sticky":false,"template":"","format":"standard","meta":{"_acf_changed":false,"footnotes":""},"categories":[8,15],"tags":[],"class_list":["post-1802","post","type-post","status-publish","format-standard","has-post-thumbnail","hentry","category-realisations","category-verrieres"],"acf":[],"yoast_head":"<!-- This site is optimized with the Yoast SEO plugin v24.9 - https:\/\/yoast.com\/wordpress\/plugins\/seo\/ -->\n<title>Porte Verri\u00e8re Aluminium sur Mesure - R\u00e9alisations - ALL TOLERIE<\/title>\n<meta name=\"robots\" content=\"noindex, follow, max-snippet:-1, max-image-preview:large, max-video-preview:-1\" \/>\n<meta property=\"og:locale\" content=\"fr_FR\" \/>\n<meta property=\"og:type\" content=\"article\" \/>\n<meta property=\"og:title\" content=\"Porte Verri\u00e8re Aluminium sur Mesure - R\u00e9alisations - ALL TOLERIE\" \/>\n<meta property=\"og:description\" content=\"Porte Verri\u00e8re Aluminium sur Mesure :Design Contemporain et Solidit\u00e9 Personnalis\u00e9e R\u00e9alisation sur mesure de portes verri\u00e8res en aluminium, offrant un \u00e9quilibre parfait entre modernit\u00e9, transparence et robustesse. Chaque projet est con\u00e7u pour s&rsquo;adapter \u00e0 vos besoins esth\u00e9tiques et fonctionnels, garantissant une installation durable et de qualit\u00e9.\" \/>\n<meta property=\"og:url\" content=\"https:\/\/com-pac.ovh\/preprod1\/realisations\/porte-verriere-aluminium-sur-mesure\/\" \/>\n<meta property=\"og:site_name\" content=\"ALL TOLERIE\" \/>\n<meta property=\"article:publisher\" content=\"https:\/\/www.facebook.com\/ALLTOLERIE\" \/>\n<meta property=\"article:published_time\" content=\"2025-03-28T12:59:37+00:00\" \/>\n<meta property=\"article:modified_time\" content=\"2025-03-28T13:39:57+00:00\" \/>\n<meta property=\"og:image\" content=\"https:\/\/com-pac.ovh\/preprod1\/wp-content\/uploads\/2025\/03\/creation-porte-verriere2.jpg\" \/>\n\t<meta property=\"og:image:width\" content=\"600\" \/>\n\t<meta property=\"og:image:height\" content=\"400\" \/>\n\t<meta property=\"og:image:type\" content=\"image\/jpeg\" \/>\n<meta name=\"author\" content=\"ComallTolPacrie\" \/>\n<meta name=\"twitter:card\" content=\"summary_large_image\" \/>\n<meta name=\"twitter:label1\" content=\"\u00c9crit par\" \/>\n\t<meta name=\"twitter:data1\" content=\"ComallTolPacrie\" \/>\n\t<meta name=\"twitter:label2\" content=\"Dur\u00e9e de lecture estim\u00e9e\" \/>\n\t<meta name=\"twitter:data2\" content=\"1 minute\" \/>\n<script type=\"application\/ld+json\" class=\"yoast-schema-graph\">{\"@context\":\"https:\/\/schema.org\",\"@graph\":[{\"@type\":\"Article\",\"@id\":\"https:\/\/com-pac.ovh\/preprod1\/realisations\/porte-verriere-aluminium-sur-mesure\/#article\",\"isPartOf\":{\"@id\":\"https:\/\/com-pac.ovh\/preprod1\/realisations\/porte-verriere-aluminium-sur-mesure\/\"},\"author\":{\"name\":\"ComallTolPacrie\",\"@id\":\"https:\/\/com-pac.ovh\/preprod1\/#\/schema\/person\/ec00c50f47be78e628281033fbbec35e\"},\"headline\":\"Porte Verri\u00e8re Aluminium sur Mesure\",\"datePublished\":\"2025-03-28T12:59:37+00:00\",\"dateModified\":\"2025-03-28T13:39:57+00:00\",\"mainEntityOfPage\":{\"@id\":\"https:\/\/com-pac.ovh\/preprod1\/realisations\/porte-verriere-aluminium-sur-mesure\/\"},\"wordCount\":58,\"commentCount\":0,\"publisher\":{\"@id\":\"https:\/\/com-pac.ovh\/preprod1\/#organization\"},\"image\":{\"@id\":\"https:\/\/com-pac.ovh\/preprod1\/realisations\/porte-verriere-aluminium-sur-mesure\/#primaryimage\"},\"thumbnailUrl\":\"https:\/\/com-pac.ovh\/preprod1\/wp-content\/uploads\/2025\/03\/creation-porte-verriere2.jpg\",\"articleSection\":[\"R\u00e9alisations\",\"Verri\u00e8res\"],\"inLanguage\":\"fr-FR\",\"potentialAction\":[{\"@type\":\"CommentAction\",\"name\":\"Comment\",\"target\":[\"https:\/\/com-pac.ovh\/preprod1\/realisations\/porte-verriere-aluminium-sur-mesure\/#respond\"]}]},{\"@type\":\"WebPage\",\"@id\":\"https:\/\/com-pac.ovh\/preprod1\/realisations\/porte-verriere-aluminium-sur-mesure\/\",\"url\":\"https:\/\/com-pac.ovh\/preprod1\/realisations\/porte-verriere-aluminium-sur-mesure\/\",\"name\":\"Porte Verri\u00e8re Aluminium sur Mesure - R\u00e9alisations - ALL TOLERIE\",\"isPartOf\":{\"@id\":\"https:\/\/com-pac.ovh\/preprod1\/#website\"},\"primaryImageOfPage\":{\"@id\":\"https:\/\/com-pac.ovh\/preprod1\/realisations\/porte-verriere-aluminium-sur-mesure\/#primaryimage\"},\"image\":{\"@id\":\"https:\/\/com-pac.ovh\/preprod1\/realisations\/porte-verriere-aluminium-sur-mesure\/#primaryimage\"},\"thumbnailUrl\":\"https:\/\/com-pac.ovh\/preprod1\/wp-content\/uploads\/2025\/03\/creation-porte-verriere2.jpg\",\"datePublished\":\"2025-03-28T12:59:37+00:00\",\"dateModified\":\"2025-03-28T13:39:57+00:00\",\"breadcrumb\":{\"@id\":\"https:\/\/com-pac.ovh\/preprod1\/realisations\/porte-verriere-aluminium-sur-mesure\/#breadcrumb\"},\"inLanguage\":\"fr-FR\",\"potentialAction\":[{\"@type\":\"ReadAction\",\"target\":[\"https:\/\/com-pac.ovh\/preprod1\/realisations\/porte-verriere-aluminium-sur-mesure\/\"]}]},{\"@type\":\"ImageObject\",\"inLanguage\":\"fr-FR\",\"@id\":\"https:\/\/com-pac.ovh\/preprod1\/realisations\/porte-verriere-aluminium-sur-mesure\/#primaryimage\",\"url\":\"https:\/\/com-pac.ovh\/preprod1\/wp-content\/uploads\/2025\/03\/creation-porte-verriere2.jpg\",\"contentUrl\":\"https:\/\/com-pac.ovh\/preprod1\/wp-content\/uploads\/2025\/03\/creation-porte-verriere2.jpg\",\"width\":600,\"height\":400},{\"@type\":\"BreadcrumbList\",\"@id\":\"https:\/\/com-pac.ovh\/preprod1\/realisations\/porte-verriere-aluminium-sur-mesure\/#breadcrumb\",\"itemListElement\":[{\"@type\":\"ListItem\",\"position\":1,\"name\":\"Accueil\",\"item\":\"https:\/\/com-pac.ovh\/preprod1\/\"},{\"@type\":\"ListItem\",\"position\":2,\"name\":\"Porte Verri\u00e8re Aluminium sur Mesure\"}]},{\"@type\":\"WebSite\",\"@id\":\"https:\/\/com-pac.ovh\/preprod1\/#website\",\"url\":\"https:\/\/com-pac.ovh\/preprod1\/\",\"name\":\"ALL TOLERIE\",\"description\":\"\",\"publisher\":{\"@id\":\"https:\/\/com-pac.ovh\/preprod1\/#organization\"},\"potentialAction\":[{\"@type\":\"SearchAction\",\"target\":{\"@type\":\"EntryPoint\",\"urlTemplate\":\"https:\/\/com-pac.ovh\/preprod1\/?s={search_term_string}\"},\"query-input\":{\"@type\":\"PropertyValueSpecification\",\"valueRequired\":true,\"valueName\":\"search_term_string\"}}],\"inLanguage\":\"fr-FR\"},{\"@type\":\"Organization\",\"@id\":\"https:\/\/com-pac.ovh\/preprod1\/#organization\",\"name\":\"ALL TOLERIE\",\"url\":\"https:\/\/com-pac.ovh\/preprod1\/\",\"logo\":{\"@type\":\"ImageObject\",\"inLanguage\":\"fr-FR\",\"@id\":\"https:\/\/com-pac.ovh\/preprod1\/#\/schema\/logo\/image\/\",\"url\":\"https:\/\/com-pac.ovh\/preprod1\/wp-content\/uploads\/2025\/03\/LOGO-ALL-TOLERIE.jpg\",\"contentUrl\":\"https:\/\/com-pac.ovh\/preprod1\/wp-content\/uploads\/2025\/03\/LOGO-ALL-TOLERIE.jpg\",\"width\":261,\"height\":55,\"caption\":\"ALL TOLERIE\"},\"image\":{\"@id\":\"https:\/\/com-pac.ovh\/preprod1\/#\/schema\/logo\/image\/\"},\"sameAs\":[\"https:\/\/www.facebook.com\/ALLTOLERIE\",\"https:\/\/www.instagram.com\/alltolerie\/\",\"https:\/\/www.youtube.com\/@alltoleriealltolerie7438\"]},{\"@type\":\"Person\",\"@id\":\"https:\/\/com-pac.ovh\/preprod1\/#\/schema\/person\/ec00c50f47be78e628281033fbbec35e\",\"name\":\"ComallTolPacrie\",\"image\":{\"@type\":\"ImageObject\",\"inLanguage\":\"fr-FR\",\"@id\":\"https:\/\/com-pac.ovh\/preprod1\/#\/schema\/person\/image\/\",\"url\":\"https:\/\/secure.gravatar.com\/avatar\/f3176d2c390a2eba3f75c1f527baa199269c2757badfadb4816973fdf4acd689?s=96&d=mm&r=g\",\"contentUrl\":\"https:\/\/secure.gravatar.com\/avatar\/f3176d2c390a2eba3f75c1f527baa199269c2757badfadb4816973fdf4acd689?s=96&d=mm&r=g\",\"caption\":\"ComallTolPacrie\"},\"sameAs\":[\"http:\/\/com-pac.ovh\/preprod1\"]}]}<\/script>\n<!-- \/ Yoast SEO plugin. -->","yoast_head_json":{"title":"Porte Verri\u00e8re Aluminium sur Mesure - R\u00e9alisations - ALL TOLERIE","robots":{"index":"noindex","follow":"follow","max-snippet":"max-snippet:-1","max-image-preview":"max-image-preview:large","max-video-preview":"max-video-preview:-1"},"og_locale":"fr_FR","og_type":"article","og_title":"Porte Verri\u00e8re Aluminium sur Mesure - R\u00e9alisations - ALL TOLERIE","og_description":"Porte Verri\u00e8re Aluminium sur Mesure :Design Contemporain et Solidit\u00e9 Personnalis\u00e9e R\u00e9alisation sur mesure de portes verri\u00e8res en aluminium, offrant un \u00e9quilibre parfait entre modernit\u00e9, transparence et robustesse. Chaque projet est con\u00e7u pour s&rsquo;adapter \u00e0 vos besoins esth\u00e9tiques et fonctionnels, garantissant une installation durable et de qualit\u00e9.","og_url":"https:\/\/com-pac.ovh\/preprod1\/realisations\/porte-verriere-aluminium-sur-mesure\/","og_site_name":"ALL TOLERIE","article_publisher":"https:\/\/www.facebook.com\/ALLTOLERIE","article_published_time":"2025-03-28T12:59:37+00:00","article_modified_time":"2025-03-28T13:39:57+00:00","og_image":[{"width":600,"height":400,"url":"https:\/\/com-pac.ovh\/preprod1\/wp-content\/uploads\/2025\/03\/creation-porte-verriere2.jpg","type":"image\/jpeg"}],"author":"ComallTolPacrie","twitter_card":"summary_large_image","twitter_misc":{"\u00c9crit par":"ComallTolPacrie","Dur\u00e9e de lecture estim\u00e9e":"1 minute"},"schema":{"@context":"https:\/\/schema.org","@graph":[{"@type":"Article","@id":"https:\/\/com-pac.ovh\/preprod1\/realisations\/porte-verriere-aluminium-sur-mesure\/#article","isPartOf":{"@id":"https:\/\/com-pac.ovh\/preprod1\/realisations\/porte-verriere-aluminium-sur-mesure\/"},"author":{"name":"ComallTolPacrie","@id":"https:\/\/com-pac.ovh\/preprod1\/#\/schema\/person\/ec00c50f47be78e628281033fbbec35e"},"headline":"Porte Verri\u00e8re Aluminium sur Mesure","datePublished":"2025-03-28T12:59:37+00:00","dateModified":"2025-03-28T13:39:57+00:00","mainEntityOfPage":{"@id":"https:\/\/com-pac.ovh\/preprod1\/realisations\/porte-verriere-aluminium-sur-mesure\/"},"wordCount":58,"commentCount":0,"publisher":{"@id":"https:\/\/com-pac.ovh\/preprod1\/#organization"},"image":{"@id":"https:\/\/com-pac.ovh\/preprod1\/realisations\/porte-verriere-aluminium-sur-mesure\/#primaryimage"},"thumbnailUrl":"https:\/\/com-pac.ovh\/preprod1\/wp-content\/uploads\/2025\/03\/creation-porte-verriere2.jpg","articleSection":["R\u00e9alisations","Verri\u00e8res"],"inLanguage":"fr-FR","potentialAction":[{"@type":"CommentAction","name":"Comment","target":["https:\/\/com-pac.ovh\/preprod1\/realisations\/porte-verriere-aluminium-sur-mesure\/#respond"]}]},{"@type":"WebPage","@id":"https:\/\/com-pac.ovh\/preprod1\/realisations\/porte-verriere-aluminium-sur-mesure\/","url":"https:\/\/com-pac.ovh\/preprod1\/realisations\/porte-verriere-aluminium-sur-mesure\/","name":"Porte Verri\u00e8re Aluminium sur Mesure - R\u00e9alisations - ALL TOLERIE","isPartOf":{"@id":"https:\/\/com-pac.ovh\/preprod1\/#website"},"primaryImageOfPage":{"@id":"https:\/\/com-pac.ovh\/preprod1\/realisations\/porte-verriere-aluminium-sur-mesure\/#primaryimage"},"image":{"@id":"https:\/\/com-pac.ovh\/preprod1\/realisations\/porte-verriere-aluminium-sur-mesure\/#primaryimage"},"thumbnailUrl":"https:\/\/com-pac.ovh\/preprod1\/wp-content\/uploads\/2025\/03\/creation-porte-verriere2.jpg","datePublished":"2025-03-28T12:59:37+00:00","dateModified":"2025-03-28T13:39:57+00:00","breadcrumb":{"@id":"https:\/\/com-pac.ovh\/preprod1\/realisations\/porte-verriere-aluminium-sur-mesure\/#breadcrumb"},"inLanguage":"fr-FR","potentialAction":[{"@type":"ReadAction","target":["https:\/\/com-pac.ovh\/preprod1\/realisations\/porte-verriere-aluminium-sur-mesure\/"]}]},{"@type":"ImageObject","inLanguage":"fr-FR","@id":"https:\/\/com-pac.ovh\/preprod1\/realisations\/porte-verriere-aluminium-sur-mesure\/#primaryimage","url":"https:\/\/com-pac.ovh\/preprod1\/wp-content\/uploads\/2025\/03\/creation-porte-verriere2.jpg","contentUrl":"https:\/\/com-pac.ovh\/preprod1\/wp-content\/uploads\/2025\/03\/creation-porte-verriere2.jpg","width":600,"height":400},{"@type":"BreadcrumbList","@id":"https:\/\/com-pac.ovh\/preprod1\/realisations\/porte-verriere-aluminium-sur-mesure\/#breadcrumb","itemListElement":[{"@type":"ListItem","position":1,"name":"Accueil","item":"https:\/\/com-pac.ovh\/preprod1\/"},{"@type":"ListItem","position":2,"name":"Porte Verri\u00e8re Aluminium sur Mesure"}]},{"@type":"WebSite","@id":"https:\/\/com-pac.ovh\/preprod1\/#website","url":"https:\/\/com-pac.ovh\/preprod1\/","name":"ALL TOLERIE","description":"","publisher":{"@id":"https:\/\/com-pac.ovh\/preprod1\/#organization"},"potentialAction":[{"@type":"SearchAction","target":{"@type":"EntryPoint","urlTemplate":"https:\/\/com-pac.ovh\/preprod1\/?s={search_term_string}"},"query-input":{"@type":"PropertyValueSpecification","valueRequired":true,"valueName":"search_term_string"}}],"inLanguage":"fr-FR"},{"@type":"Organization","@id":"https:\/\/com-pac.ovh\/preprod1\/#organization","name":"ALL TOLERIE","url":"https:\/\/com-pac.ovh\/preprod1\/","logo":{"@type":"ImageObject","inLanguage":"fr-FR","@id":"https:\/\/com-pac.ovh\/preprod1\/#\/schema\/logo\/image\/","url":"https:\/\/com-pac.ovh\/preprod1\/wp-content\/uploads\/2025\/03\/LOGO-ALL-TOLERIE.jpg","contentUrl":"https:\/\/com-pac.ovh\/preprod1\/wp-content\/uploads\/2025\/03\/LOGO-ALL-TOLERIE.jpg","width":261,"height":55,"caption":"ALL TOLERIE"},"image":{"@id":"https:\/\/com-pac.ovh\/preprod1\/#\/schema\/logo\/image\/"},"sameAs":["https:\/\/www.facebook.com\/ALLTOLERIE","https:\/\/www.instagram.com\/alltolerie\/","https:\/\/www.youtube.com\/@alltoleriealltolerie7438"]},{"@type":"Person","@id":"https:\/\/com-pac.ovh\/preprod1\/#\/schema\/person\/ec00c50f47be78e628281033fbbec35e","name":"ComallTolPacrie","image":{"@type":"ImageObject","inLanguage":"fr-FR","@id":"https:\/\/com-pac.ovh\/preprod1\/#\/schema\/person\/image\/","url":"https:\/\/secure.gravatar.com\/avatar\/f3176d2c390a2eba3f75c1f527baa199269c2757badfadb4816973fdf4acd689?s=96&d=mm&r=g","contentUrl":"https:\/\/secure.gravatar.com\/avatar\/f3176d2c390a2eba3f75c1f527baa199269c2757badfadb4816973fdf4acd689?s=96&d=mm&r=g","caption":"ComallTolPacrie"},"sameAs":["http:\/\/com-pac.ovh\/preprod1"]}]}},"_links":{"self":[{"href":"https:\/\/com-pac.ovh\/preprod1\/wp-json\/wp\/v2\/posts\/1802","targetHints":{"allow":["GET"]}}],"collection":[{"href":"https:\/\/com-pac.ovh\/preprod1\/wp-json\/wp\/v2\/posts"}],"about":[{"href":"https:\/\/com-pac.ovh\/preprod1\/wp-json\/wp\/v2\/types\/post"}],"author":[{"embeddable":true,"href":"https:\/\/com-pac.ovh\/preprod1\/wp-json\/wp\/v2\/users\/1"}],"replies":[{"embeddable":true,"href":"https:\/\/com-pac.ovh\/preprod1\/wp-json\/wp\/v2\/comments?post=1802"}],"version-history":[{"count":2,"href":"https:\/\/com-pac.ovh\/preprod1\/wp-json\/wp\/v2\/posts\/1802\/revisions"}],"predecessor-version":[{"id":1869,"href":"https:\/\/com-pac.ovh\/preprod1\/wp-json\/wp\/v2\/posts\/1802\/revisions\/1869"}],"wp:featuredmedia":[{"embeddable":true,"href":"https:\/\/com-pac.ovh\/preprod1\/wp-json\/wp\/v2\/media\/1803"}],"wp:attachment":[{"href":"https:\/\/com-pac.ovh\/preprod1\/wp-json\/wp\/v2\/media?parent=1802"}],"wp:term":[{"taxonomy":"category","embeddable":true,"href":"https:\/\/com-pac.ovh\/preprod1\/wp-json\/wp\/v2\/categories?post=1802"},{"taxonomy":"post_tag","embeddable":true,"href":"https:\/\/com-pac.ovh\/preprod1\/wp-json\/wp\/v2\/tags?post=1802"}],"curies":[{"name":"wp","href":"https:\/\/api.w.org\/{rel}","templated":true}]}}