{"id":905,"date":"2025-03-20T14:18:42","date_gmt":"2025-03-20T13:18:42","guid":{"rendered":"https:\/\/com-pac.ovh\/preprod1\/?p=905"},"modified":"2025-04-22T13:52:03","modified_gmt":"2025-04-22T11:52:03","slug":"nouvelle-grille-daeration-en-alu-prelaque","status":"publish","type":"post","link":"https:\/\/com-pac.ovh\/preprod1\/actualites\/nouvelle-grille-daeration-en-alu-prelaque\/","title":{"rendered":"Nouvelle Grille d\u2019A\u00e9ration en Alu Pr\u00e9laqu\u00e9"},"content":{"rendered":"<h3><strong>Nouvelle Grille d\u2019A\u00e9ration en Alu Pr\u00e9laqu\u00e9 \u2013 Disponible en 24H !<\/strong><\/h3>\n<p>All T\u00f4lerie vous pr\u00e9sente sa <strong>nouvelle grille d\u2019a\u00e9ration en aluminium pr\u00e9laqu\u00e9<\/strong>, alliant robustesse, design et performance. Con\u00e7ue pour une installation rapide et durable, elle est id\u00e9ale pour assurer une ventilation optimale dans divers environnements.<\/p>\n<p>\ud83d\udd39<em> Fabrication express : disponible en seulement 24H !<\/em>*<br data-start=\"394\" data-end=\"397\" \/><strong>\ud83d\udd39 Option en aluminium laqu\u00e9 2 faces pour un rendu esth\u00e9tique et une meilleure r\u00e9sistance.<\/strong><\/p>\n<p>Ne perdez plus de temps, contactez-nous d\u00e8s maintenant pour en savoir plus !<\/p>\n<p>(*Sous r\u00e9serve de disponibilit\u00e9 des teintes RAL en stock.)<\/p>\n","protected":false},"excerpt":{"rendered":"<p>Nouvelle Grille d\u2019A\u00e9ration en Alu Pr\u00e9laqu\u00e9 \u2013 Disponible en 24H ! All T\u00f4lerie vous pr\u00e9sente sa nouvelle grille d\u2019a\u00e9ration en aluminium pr\u00e9laqu\u00e9, alliant robustesse, design et performance. Con\u00e7ue pour une installation rapide et durable, elle est id\u00e9ale pour assurer une ventilation optimale dans divers environnements. \ud83d\udd39 Fabrication express : disponible en seulement 24H !*\ud83d\udd39 Option [&hellip;]<\/p>\n","protected":false},"author":1,"featured_media":906,"comment_status":"open","ping_status":"open","sticky":false,"template":"","format":"standard","meta":{"_acf_changed":false,"footnotes":""},"categories":[20,23],"tags":[],"class_list":["post-905","post","type-post","status-publish","format-standard","has-post-thumbnail","hentry","category-actualites","category-nouveaute"],"acf":[],"yoast_head":"<!-- This site is optimized with the Yoast SEO plugin v24.9 - https:\/\/yoast.com\/wordpress\/plugins\/seo\/ -->\n<title>Nouvelle Grille d\u2019A\u00e9ration en Alu Pr\u00e9laqu\u00e9 - Actualit\u00e9s - ALL TOLERIE<\/title>\n<meta name=\"robots\" content=\"noindex, follow, max-snippet:-1, max-image-preview:large, max-video-preview:-1\" \/>\n<meta property=\"og:locale\" content=\"fr_FR\" \/>\n<meta property=\"og:type\" content=\"article\" \/>\n<meta property=\"og:title\" content=\"Nouvelle Grille d\u2019A\u00e9ration en Alu Pr\u00e9laqu\u00e9 - Actualit\u00e9s - ALL TOLERIE\" \/>\n<meta property=\"og:description\" content=\"Nouvelle Grille d\u2019A\u00e9ration en Alu Pr\u00e9laqu\u00e9 \u2013 Disponible en 24H ! All T\u00f4lerie vous pr\u00e9sente sa nouvelle grille d\u2019a\u00e9ration en aluminium pr\u00e9laqu\u00e9, alliant robustesse, design et performance. Con\u00e7ue pour une installation rapide et durable, elle est id\u00e9ale pour assurer une ventilation optimale dans divers environnements. \ud83d\udd39 Fabrication express : disponible en seulement 24H !*\ud83d\udd39 Option [&hellip;]\" \/>\n<meta property=\"og:url\" content=\"https:\/\/com-pac.ovh\/preprod1\/actualites\/nouvelle-grille-daeration-en-alu-prelaque\/\" \/>\n<meta property=\"og:site_name\" content=\"ALL TOLERIE\" \/>\n<meta property=\"article:publisher\" content=\"https:\/\/www.facebook.com\/ALLTOLERIE\" \/>\n<meta property=\"article:published_time\" content=\"2025-03-20T13:18:42+00:00\" \/>\n<meta property=\"article:modified_time\" content=\"2025-04-22T11:52:03+00:00\" \/>\n<meta property=\"og:image\" content=\"https:\/\/com-pac.ovh\/preprod1\/wp-content\/uploads\/2025\/03\/GRILLE-VENTILATION-ALU-EN-24H-TORCY.png\" \/>\n\t<meta property=\"og:image:width\" content=\"940\" \/>\n\t<meta property=\"og:image:height\" content=\"788\" \/>\n\t<meta property=\"og:image:type\" content=\"image\/png\" \/>\n<meta name=\"author\" content=\"ComallTolPacrie\" \/>\n<meta name=\"twitter:card\" content=\"summary_large_image\" \/>\n<meta name=\"twitter:label1\" content=\"\u00c9crit par\" \/>\n\t<meta name=\"twitter:data1\" content=\"ComallTolPacrie\" \/>\n\t<meta name=\"twitter:label2\" content=\"Dur\u00e9e de lecture estim\u00e9e\" \/>\n\t<meta name=\"twitter:data2\" content=\"1 minute\" \/>\n<script type=\"application\/ld+json\" class=\"yoast-schema-graph\">{\"@context\":\"https:\/\/schema.org\",\"@graph\":[{\"@type\":\"Article\",\"@id\":\"https:\/\/com-pac.ovh\/preprod1\/actualites\/nouvelle-grille-daeration-en-alu-prelaque\/#article\",\"isPartOf\":{\"@id\":\"https:\/\/com-pac.ovh\/preprod1\/actualites\/nouvelle-grille-daeration-en-alu-prelaque\/\"},\"author\":{\"name\":\"ComallTolPacrie\",\"@id\":\"https:\/\/com-pac.ovh\/preprod1\/#\/schema\/person\/ec00c50f47be78e628281033fbbec35e\"},\"headline\":\"Nouvelle Grille d\u2019A\u00e9ration en Alu Pr\u00e9laqu\u00e9\",\"datePublished\":\"2025-03-20T13:18:42+00:00\",\"dateModified\":\"2025-04-22T11:52:03+00:00\",\"mainEntityOfPage\":{\"@id\":\"https:\/\/com-pac.ovh\/preprod1\/actualites\/nouvelle-grille-daeration-en-alu-prelaque\/\"},\"wordCount\":106,\"commentCount\":0,\"publisher\":{\"@id\":\"https:\/\/com-pac.ovh\/preprod1\/#organization\"},\"image\":{\"@id\":\"https:\/\/com-pac.ovh\/preprod1\/actualites\/nouvelle-grille-daeration-en-alu-prelaque\/#primaryimage\"},\"thumbnailUrl\":\"https:\/\/com-pac.ovh\/preprod1\/wp-content\/uploads\/2025\/03\/GRILLE-VENTILATION-ALU-EN-24H-TORCY.png\",\"articleSection\":[\"Actualit\u00e9s\",\"Nouveaut\u00e9\"],\"inLanguage\":\"fr-FR\",\"potentialAction\":[{\"@type\":\"CommentAction\",\"name\":\"Comment\",\"target\":[\"https:\/\/com-pac.ovh\/preprod1\/actualites\/nouvelle-grille-daeration-en-alu-prelaque\/#respond\"]}]},{\"@type\":\"WebPage\",\"@id\":\"https:\/\/com-pac.ovh\/preprod1\/actualites\/nouvelle-grille-daeration-en-alu-prelaque\/\",\"url\":\"https:\/\/com-pac.ovh\/preprod1\/actualites\/nouvelle-grille-daeration-en-alu-prelaque\/\",\"name\":\"Nouvelle Grille d\u2019A\u00e9ration en Alu Pr\u00e9laqu\u00e9 - Actualit\u00e9s - ALL TOLERIE\",\"isPartOf\":{\"@id\":\"https:\/\/com-pac.ovh\/preprod1\/#website\"},\"primaryImageOfPage\":{\"@id\":\"https:\/\/com-pac.ovh\/preprod1\/actualites\/nouvelle-grille-daeration-en-alu-prelaque\/#primaryimage\"},\"image\":{\"@id\":\"https:\/\/com-pac.ovh\/preprod1\/actualites\/nouvelle-grille-daeration-en-alu-prelaque\/#primaryimage\"},\"thumbnailUrl\":\"https:\/\/com-pac.ovh\/preprod1\/wp-content\/uploads\/2025\/03\/GRILLE-VENTILATION-ALU-EN-24H-TORCY.png\",\"datePublished\":\"2025-03-20T13:18:42+00:00\",\"dateModified\":\"2025-04-22T11:52:03+00:00\",\"breadcrumb\":{\"@id\":\"https:\/\/com-pac.ovh\/preprod1\/actualites\/nouvelle-grille-daeration-en-alu-prelaque\/#breadcrumb\"},\"inLanguage\":\"fr-FR\",\"potentialAction\":[{\"@type\":\"ReadAction\",\"target\":[\"https:\/\/com-pac.ovh\/preprod1\/actualites\/nouvelle-grille-daeration-en-alu-prelaque\/\"]}]},{\"@type\":\"ImageObject\",\"inLanguage\":\"fr-FR\",\"@id\":\"https:\/\/com-pac.ovh\/preprod1\/actualites\/nouvelle-grille-daeration-en-alu-prelaque\/#primaryimage\",\"url\":\"https:\/\/com-pac.ovh\/preprod1\/wp-content\/uploads\/2025\/03\/GRILLE-VENTILATION-ALU-EN-24H-TORCY.png\",\"contentUrl\":\"https:\/\/com-pac.ovh\/preprod1\/wp-content\/uploads\/2025\/03\/GRILLE-VENTILATION-ALU-EN-24H-TORCY.png\",\"width\":940,\"height\":788},{\"@type\":\"BreadcrumbList\",\"@id\":\"https:\/\/com-pac.ovh\/preprod1\/actualites\/nouvelle-grille-daeration-en-alu-prelaque\/#breadcrumb\",\"itemListElement\":[{\"@type\":\"ListItem\",\"position\":1,\"name\":\"Accueil\",\"item\":\"https:\/\/com-pac.ovh\/preprod1\/\"},{\"@type\":\"ListItem\",\"position\":2,\"name\":\"Nouvelle Grille d\u2019A\u00e9ration en Alu Pr\u00e9laqu\u00e9\"}]},{\"@type\":\"WebSite\",\"@id\":\"https:\/\/com-pac.ovh\/preprod1\/#website\",\"url\":\"https:\/\/com-pac.ovh\/preprod1\/\",\"name\":\"ALL TOLERIE\",\"description\":\"\",\"publisher\":{\"@id\":\"https:\/\/com-pac.ovh\/preprod1\/#organization\"},\"potentialAction\":[{\"@type\":\"SearchAction\",\"target\":{\"@type\":\"EntryPoint\",\"urlTemplate\":\"https:\/\/com-pac.ovh\/preprod1\/?s={search_term_string}\"},\"query-input\":{\"@type\":\"PropertyValueSpecification\",\"valueRequired\":true,\"valueName\":\"search_term_string\"}}],\"inLanguage\":\"fr-FR\"},{\"@type\":\"Organization\",\"@id\":\"https:\/\/com-pac.ovh\/preprod1\/#organization\",\"name\":\"ALL TOLERIE\",\"url\":\"https:\/\/com-pac.ovh\/preprod1\/\",\"logo\":{\"@type\":\"ImageObject\",\"inLanguage\":\"fr-FR\",\"@id\":\"https:\/\/com-pac.ovh\/preprod1\/#\/schema\/logo\/image\/\",\"url\":\"https:\/\/com-pac.ovh\/preprod1\/wp-content\/uploads\/2025\/03\/LOGO-ALL-TOLERIE.jpg\",\"contentUrl\":\"https:\/\/com-pac.ovh\/preprod1\/wp-content\/uploads\/2025\/03\/LOGO-ALL-TOLERIE.jpg\",\"width\":261,\"height\":55,\"caption\":\"ALL TOLERIE\"},\"image\":{\"@id\":\"https:\/\/com-pac.ovh\/preprod1\/#\/schema\/logo\/image\/\"},\"sameAs\":[\"https:\/\/www.facebook.com\/ALLTOLERIE\",\"https:\/\/www.instagram.com\/alltolerie\/\",\"https:\/\/www.youtube.com\/@alltoleriealltolerie7438\"]},{\"@type\":\"Person\",\"@id\":\"https:\/\/com-pac.ovh\/preprod1\/#\/schema\/person\/ec00c50f47be78e628281033fbbec35e\",\"name\":\"ComallTolPacrie\",\"image\":{\"@type\":\"ImageObject\",\"inLanguage\":\"fr-FR\",\"@id\":\"https:\/\/com-pac.ovh\/preprod1\/#\/schema\/person\/image\/\",\"url\":\"https:\/\/secure.gravatar.com\/avatar\/f3176d2c390a2eba3f75c1f527baa199269c2757badfadb4816973fdf4acd689?s=96&d=mm&r=g\",\"contentUrl\":\"https:\/\/secure.gravatar.com\/avatar\/f3176d2c390a2eba3f75c1f527baa199269c2757badfadb4816973fdf4acd689?s=96&d=mm&r=g\",\"caption\":\"ComallTolPacrie\"},\"sameAs\":[\"http:\/\/com-pac.ovh\/preprod1\"]}]}<\/script>\n<!-- \/ Yoast SEO plugin. -->","yoast_head_json":{"title":"Nouvelle Grille d\u2019A\u00e9ration en Alu Pr\u00e9laqu\u00e9 - Actualit\u00e9s - ALL TOLERIE","robots":{"index":"noindex","follow":"follow","max-snippet":"max-snippet:-1","max-image-preview":"max-image-preview:large","max-video-preview":"max-video-preview:-1"},"og_locale":"fr_FR","og_type":"article","og_title":"Nouvelle Grille d\u2019A\u00e9ration en Alu Pr\u00e9laqu\u00e9 - Actualit\u00e9s - ALL TOLERIE","og_description":"Nouvelle Grille d\u2019A\u00e9ration en Alu Pr\u00e9laqu\u00e9 \u2013 Disponible en 24H ! All T\u00f4lerie vous pr\u00e9sente sa nouvelle grille d\u2019a\u00e9ration en aluminium pr\u00e9laqu\u00e9, alliant robustesse, design et performance. Con\u00e7ue pour une installation rapide et durable, elle est id\u00e9ale pour assurer une ventilation optimale dans divers environnements. \ud83d\udd39 Fabrication express : disponible en seulement 24H !*\ud83d\udd39 Option [&hellip;]","og_url":"https:\/\/com-pac.ovh\/preprod1\/actualites\/nouvelle-grille-daeration-en-alu-prelaque\/","og_site_name":"ALL TOLERIE","article_publisher":"https:\/\/www.facebook.com\/ALLTOLERIE","article_published_time":"2025-03-20T13:18:42+00:00","article_modified_time":"2025-04-22T11:52:03+00:00","og_image":[{"width":940,"height":788,"url":"https:\/\/com-pac.ovh\/preprod1\/wp-content\/uploads\/2025\/03\/GRILLE-VENTILATION-ALU-EN-24H-TORCY.png","type":"image\/png"}],"author":"ComallTolPacrie","twitter_card":"summary_large_image","twitter_misc":{"\u00c9crit par":"ComallTolPacrie","Dur\u00e9e de lecture estim\u00e9e":"1 minute"},"schema":{"@context":"https:\/\/schema.org","@graph":[{"@type":"Article","@id":"https:\/\/com-pac.ovh\/preprod1\/actualites\/nouvelle-grille-daeration-en-alu-prelaque\/#article","isPartOf":{"@id":"https:\/\/com-pac.ovh\/preprod1\/actualites\/nouvelle-grille-daeration-en-alu-prelaque\/"},"author":{"name":"ComallTolPacrie","@id":"https:\/\/com-pac.ovh\/preprod1\/#\/schema\/person\/ec00c50f47be78e628281033fbbec35e"},"headline":"Nouvelle Grille d\u2019A\u00e9ration en Alu Pr\u00e9laqu\u00e9","datePublished":"2025-03-20T13:18:42+00:00","dateModified":"2025-04-22T11:52:03+00:00","mainEntityOfPage":{"@id":"https:\/\/com-pac.ovh\/preprod1\/actualites\/nouvelle-grille-daeration-en-alu-prelaque\/"},"wordCount":106,"commentCount":0,"publisher":{"@id":"https:\/\/com-pac.ovh\/preprod1\/#organization"},"image":{"@id":"https:\/\/com-pac.ovh\/preprod1\/actualites\/nouvelle-grille-daeration-en-alu-prelaque\/#primaryimage"},"thumbnailUrl":"https:\/\/com-pac.ovh\/preprod1\/wp-content\/uploads\/2025\/03\/GRILLE-VENTILATION-ALU-EN-24H-TORCY.png","articleSection":["Actualit\u00e9s","Nouveaut\u00e9"],"inLanguage":"fr-FR","potentialAction":[{"@type":"CommentAction","name":"Comment","target":["https:\/\/com-pac.ovh\/preprod1\/actualites\/nouvelle-grille-daeration-en-alu-prelaque\/#respond"]}]},{"@type":"WebPage","@id":"https:\/\/com-pac.ovh\/preprod1\/actualites\/nouvelle-grille-daeration-en-alu-prelaque\/","url":"https:\/\/com-pac.ovh\/preprod1\/actualites\/nouvelle-grille-daeration-en-alu-prelaque\/","name":"Nouvelle Grille d\u2019A\u00e9ration en Alu Pr\u00e9laqu\u00e9 - Actualit\u00e9s - ALL TOLERIE","isPartOf":{"@id":"https:\/\/com-pac.ovh\/preprod1\/#website"},"primaryImageOfPage":{"@id":"https:\/\/com-pac.ovh\/preprod1\/actualites\/nouvelle-grille-daeration-en-alu-prelaque\/#primaryimage"},"image":{"@id":"https:\/\/com-pac.ovh\/preprod1\/actualites\/nouvelle-grille-daeration-en-alu-prelaque\/#primaryimage"},"thumbnailUrl":"https:\/\/com-pac.ovh\/preprod1\/wp-content\/uploads\/2025\/03\/GRILLE-VENTILATION-ALU-EN-24H-TORCY.png","datePublished":"2025-03-20T13:18:42+00:00","dateModified":"2025-04-22T11:52:03+00:00","breadcrumb":{"@id":"https:\/\/com-pac.ovh\/preprod1\/actualites\/nouvelle-grille-daeration-en-alu-prelaque\/#breadcrumb"},"inLanguage":"fr-FR","potentialAction":[{"@type":"ReadAction","target":["https:\/\/com-pac.ovh\/preprod1\/actualites\/nouvelle-grille-daeration-en-alu-prelaque\/"]}]},{"@type":"ImageObject","inLanguage":"fr-FR","@id":"https:\/\/com-pac.ovh\/preprod1\/actualites\/nouvelle-grille-daeration-en-alu-prelaque\/#primaryimage","url":"https:\/\/com-pac.ovh\/preprod1\/wp-content\/uploads\/2025\/03\/GRILLE-VENTILATION-ALU-EN-24H-TORCY.png","contentUrl":"https:\/\/com-pac.ovh\/preprod1\/wp-content\/uploads\/2025\/03\/GRILLE-VENTILATION-ALU-EN-24H-TORCY.png","width":940,"height":788},{"@type":"BreadcrumbList","@id":"https:\/\/com-pac.ovh\/preprod1\/actualites\/nouvelle-grille-daeration-en-alu-prelaque\/#breadcrumb","itemListElement":[{"@type":"ListItem","position":1,"name":"Accueil","item":"https:\/\/com-pac.ovh\/preprod1\/"},{"@type":"ListItem","position":2,"name":"Nouvelle Grille d\u2019A\u00e9ration en Alu Pr\u00e9laqu\u00e9"}]},{"@type":"WebSite","@id":"https:\/\/com-pac.ovh\/preprod1\/#website","url":"https:\/\/com-pac.ovh\/preprod1\/","name":"ALL TOLERIE","description":"","publisher":{"@id":"https:\/\/com-pac.ovh\/preprod1\/#organization"},"potentialAction":[{"@type":"SearchAction","target":{"@type":"EntryPoint","urlTemplate":"https:\/\/com-pac.ovh\/preprod1\/?s={search_term_string}"},"query-input":{"@type":"PropertyValueSpecification","valueRequired":true,"valueName":"search_term_string"}}],"inLanguage":"fr-FR"},{"@type":"Organization","@id":"https:\/\/com-pac.ovh\/preprod1\/#organization","name":"ALL TOLERIE","url":"https:\/\/com-pac.ovh\/preprod1\/","logo":{"@type":"ImageObject","inLanguage":"fr-FR","@id":"https:\/\/com-pac.ovh\/preprod1\/#\/schema\/logo\/image\/","url":"https:\/\/com-pac.ovh\/preprod1\/wp-content\/uploads\/2025\/03\/LOGO-ALL-TOLERIE.jpg","contentUrl":"https:\/\/com-pac.ovh\/preprod1\/wp-content\/uploads\/2025\/03\/LOGO-ALL-TOLERIE.jpg","width":261,"height":55,"caption":"ALL TOLERIE"},"image":{"@id":"https:\/\/com-pac.ovh\/preprod1\/#\/schema\/logo\/image\/"},"sameAs":["https:\/\/www.facebook.com\/ALLTOLERIE","https:\/\/www.instagram.com\/alltolerie\/","https:\/\/www.youtube.com\/@alltoleriealltolerie7438"]},{"@type":"Person","@id":"https:\/\/com-pac.ovh\/preprod1\/#\/schema\/person\/ec00c50f47be78e628281033fbbec35e","name":"ComallTolPacrie","image":{"@type":"ImageObject","inLanguage":"fr-FR","@id":"https:\/\/com-pac.ovh\/preprod1\/#\/schema\/person\/image\/","url":"https:\/\/secure.gravatar.com\/avatar\/f3176d2c390a2eba3f75c1f527baa199269c2757badfadb4816973fdf4acd689?s=96&d=mm&r=g","contentUrl":"https:\/\/secure.gravatar.com\/avatar\/f3176d2c390a2eba3f75c1f527baa199269c2757badfadb4816973fdf4acd689?s=96&d=mm&r=g","caption":"ComallTolPacrie"},"sameAs":["http:\/\/com-pac.ovh\/preprod1"]}]}},"_links":{"self":[{"href":"https:\/\/com-pac.ovh\/preprod1\/wp-json\/wp\/v2\/posts\/905","targetHints":{"allow":["GET"]}}],"collection":[{"href":"https:\/\/com-pac.ovh\/preprod1\/wp-json\/wp\/v2\/posts"}],"about":[{"href":"https:\/\/com-pac.ovh\/preprod1\/wp-json\/wp\/v2\/types\/post"}],"author":[{"embeddable":true,"href":"https:\/\/com-pac.ovh\/preprod1\/wp-json\/wp\/v2\/users\/1"}],"replies":[{"embeddable":true,"href":"https:\/\/com-pac.ovh\/preprod1\/wp-json\/wp\/v2\/comments?post=905"}],"version-history":[{"count":3,"href":"https:\/\/com-pac.ovh\/preprod1\/wp-json\/wp\/v2\/posts\/905\/revisions"}],"predecessor-version":[{"id":909,"href":"https:\/\/com-pac.ovh\/preprod1\/wp-json\/wp\/v2\/posts\/905\/revisions\/909"}],"wp:featuredmedia":[{"embeddable":true,"href":"https:\/\/com-pac.ovh\/preprod1\/wp-json\/wp\/v2\/media\/906"}],"wp:attachment":[{"href":"https:\/\/com-pac.ovh\/preprod1\/wp-json\/wp\/v2\/media?parent=905"}],"wp:term":[{"taxonomy":"category","embeddable":true,"href":"https:\/\/com-pac.ovh\/preprod1\/wp-json\/wp\/v2\/categories?post=905"},{"taxonomy":"post_tag","embeddable":true,"href":"https:\/\/com-pac.ovh\/preprod1\/wp-json\/wp\/v2\/tags?post=905"}],"curies":[{"name":"wp","href":"https:\/\/api.w.org\/{rel}","templated":true}]}}