{"id":910,"date":"2025-03-20T14:24:48","date_gmt":"2025-03-20T13:24:48","guid":{"rendered":"https:\/\/com-pac.ovh\/preprod1\/?p=910"},"modified":"2025-05-05T12:06:07","modified_gmt":"2025-05-05T10:06:07","slug":"brasero-plancha-asado","status":"publish","type":"post","link":"https:\/\/com-pac.ovh\/preprod1\/actualites\/brasero-plancha-asado\/","title":{"rendered":"BRASERO Plancha \u00ab ASADO \u00bb"},"content":{"rendered":"<p><strong>Le brasero plancha \u00ab ASADO \u00bb \u00e0 899 \u20ac HT est fabriqu\u00e9 dans nos ateliers en Seine-et-Marne. <\/strong><br \/>\n<strong>Garantie 100 % Fabrication Fran\u00e7aise.<\/strong><\/p>\n<p>La surface de cuisson est r\u00e9alis\u00e9e en Inox 304L alimentaire, d\u2019un<strong> diam\u00e8tre de 69 cm<\/strong> et d\u2019une <strong>\u00e9paisseur de 5 mm<\/strong>. Le plus\u00a0: elle est dot\u00e9e d\u2019une grille escamotable.<\/p>\n<p>La cuve et le meuble sont r\u00e9alis\u00e9s <strong>en t\u00f4le acier Corten<\/strong>, ce m\u00e9tal \u00e0 la qualit\u00e9 exceptionnelle, qui supporte tr\u00e8s bien les conditions climatiques ext\u00e9rieures et qui n\u00e9cessite que tr\u00e8s peu d\u2019entretien.<\/p>\n<p>Le format octogonal du brasero plancha \u00ab\u00a0ASADO\u00a0\u00bb vous offrira une cuisson homog\u00e8ne tout en profitant d\u2019un moment convivial avec votre entourage. Son socle ouvert vous permettra de stocker le bois n\u00e9cessaire \u00e0 la cuisson de vos repas.<\/p>\n<p>Il est disponible imm\u00e9diatement et \u00e0 venir r\u00e9cup\u00e9rer \u00e0 notre usine de production \u00e0 Torcy (77).<\/p>\n<ul>\n<li>Dimensions : L 79,5 cm x l 79,5 cm x H 97 cm<\/li>\n<li>Dimensions du socle : L 40 cm x l 40 cm x H 70 cm<\/li>\n<li>Dimensions de la plaque de cuisson : 69 cm x 69 cm<\/li>\n<li>\u00c9paisseur de la plaque de cuisson : 5 mm<\/li>\n<li>Mat\u00e9riau de la cuve : acier Corten<\/li>\n<li>Mat\u00e9riau du socle : acier Corten<\/li>\n<li>Mat\u00e9riau de la plaque de cuisson : inox 304L alimentaire<\/li>\n<li>Poids total : 50 kg<\/li>\n<li>Multiples possibilit\u00e9s de cuissons<\/li>\n<li>Plaque de cuisson certifi\u00e9e alimentaire<\/li>\n<li>Grille de cuisson escamotable<\/li>\n<li>4 pieds r\u00e9glables<\/li>\n<\/ul>\n<p>&nbsp;<\/p>\n","protected":false},"excerpt":{"rendered":"<p>Le brasero plancha \u00ab ASADO \u00bb \u00e0 899 \u20ac HT est fabriqu\u00e9 dans nos ateliers en Seine-et-Marne. Garantie 100 % Fabrication Fran\u00e7aise. La surface de cuisson est r\u00e9alis\u00e9e en Inox 304L alimentaire, d\u2019un diam\u00e8tre de 69 cm et d\u2019une \u00e9paisseur de 5 mm. Le plus\u00a0: elle est dot\u00e9e d\u2019une grille escamotable. La cuve et le [&hellip;]<\/p>\n","protected":false},"author":1,"featured_media":2709,"comment_status":"open","ping_status":"open","sticky":false,"template":"","format":"standard","meta":{"_acf_changed":false,"footnotes":""},"categories":[20,23],"tags":[],"class_list":["post-910","post","type-post","status-publish","format-standard","has-post-thumbnail","hentry","category-actualites","category-nouveaute"],"acf":[],"yoast_head":"<!-- This site is optimized with the Yoast SEO plugin v24.9 - https:\/\/yoast.com\/wordpress\/plugins\/seo\/ -->\n<title>BRASERO Plancha \u00ab ASADO \u00bb - Actualit\u00e9s - ALL TOLERIE<\/title>\n<meta name=\"robots\" content=\"noindex, follow, max-snippet:-1, max-image-preview:large, max-video-preview:-1\" \/>\n<meta property=\"og:locale\" content=\"fr_FR\" \/>\n<meta property=\"og:type\" content=\"article\" \/>\n<meta property=\"og:title\" content=\"BRASERO Plancha \u00ab ASADO \u00bb - Actualit\u00e9s - ALL TOLERIE\" \/>\n<meta property=\"og:description\" content=\"Le brasero plancha \u00ab ASADO \u00bb \u00e0 899 \u20ac HT est fabriqu\u00e9 dans nos ateliers en Seine-et-Marne. Garantie 100 % Fabrication Fran\u00e7aise. La surface de cuisson est r\u00e9alis\u00e9e en Inox 304L alimentaire, d\u2019un diam\u00e8tre de 69 cm et d\u2019une \u00e9paisseur de 5 mm. Le plus\u00a0: elle est dot\u00e9e d\u2019une grille escamotable. La cuve et le [&hellip;]\" \/>\n<meta property=\"og:url\" content=\"https:\/\/com-pac.ovh\/preprod1\/actualites\/brasero-plancha-asado\/\" \/>\n<meta property=\"og:site_name\" content=\"ALL TOLERIE\" \/>\n<meta property=\"article:publisher\" content=\"https:\/\/www.facebook.com\/ALLTOLERIE\" \/>\n<meta property=\"article:published_time\" content=\"2025-03-20T13:24:48+00:00\" \/>\n<meta property=\"article:modified_time\" content=\"2025-05-05T10:06:07+00:00\" \/>\n<meta property=\"og:image\" content=\"https:\/\/com-pac.ovh\/preprod1\/wp-content\/uploads\/2025\/03\/BRASERO-ASADO.jpg\" \/>\n\t<meta property=\"og:image:width\" content=\"438\" \/>\n\t<meta property=\"og:image:height\" content=\"367\" \/>\n\t<meta property=\"og:image:type\" content=\"image\/jpeg\" \/>\n<meta name=\"author\" content=\"ComallTolPacrie\" \/>\n<meta name=\"twitter:card\" content=\"summary_large_image\" \/>\n<meta name=\"twitter:label1\" content=\"\u00c9crit par\" \/>\n\t<meta name=\"twitter:data1\" content=\"ComallTolPacrie\" \/>\n\t<meta name=\"twitter:label2\" content=\"Dur\u00e9e de lecture estim\u00e9e\" \/>\n\t<meta name=\"twitter:data2\" content=\"2 minutes\" \/>\n<script type=\"application\/ld+json\" class=\"yoast-schema-graph\">{\"@context\":\"https:\/\/schema.org\",\"@graph\":[{\"@type\":\"Article\",\"@id\":\"https:\/\/com-pac.ovh\/preprod1\/actualites\/brasero-plancha-asado\/#article\",\"isPartOf\":{\"@id\":\"https:\/\/com-pac.ovh\/preprod1\/actualites\/brasero-plancha-asado\/\"},\"author\":{\"name\":\"ComallTolPacrie\",\"@id\":\"https:\/\/com-pac.ovh\/preprod1\/#\/schema\/person\/ec00c50f47be78e628281033fbbec35e\"},\"headline\":\"BRASERO Plancha \u00ab ASADO \u00bb\",\"datePublished\":\"2025-03-20T13:24:48+00:00\",\"dateModified\":\"2025-05-05T10:06:07+00:00\",\"mainEntityOfPage\":{\"@id\":\"https:\/\/com-pac.ovh\/preprod1\/actualites\/brasero-plancha-asado\/\"},\"wordCount\":228,\"commentCount\":0,\"publisher\":{\"@id\":\"https:\/\/com-pac.ovh\/preprod1\/#organization\"},\"image\":{\"@id\":\"https:\/\/com-pac.ovh\/preprod1\/actualites\/brasero-plancha-asado\/#primaryimage\"},\"thumbnailUrl\":\"https:\/\/com-pac.ovh\/preprod1\/wp-content\/uploads\/2025\/03\/BRASERO-ASADO.jpg\",\"articleSection\":[\"Actualit\u00e9s\",\"Nouveaut\u00e9\"],\"inLanguage\":\"fr-FR\",\"potentialAction\":[{\"@type\":\"CommentAction\",\"name\":\"Comment\",\"target\":[\"https:\/\/com-pac.ovh\/preprod1\/actualites\/brasero-plancha-asado\/#respond\"]}]},{\"@type\":\"WebPage\",\"@id\":\"https:\/\/com-pac.ovh\/preprod1\/actualites\/brasero-plancha-asado\/\",\"url\":\"https:\/\/com-pac.ovh\/preprod1\/actualites\/brasero-plancha-asado\/\",\"name\":\"BRASERO Plancha \u00ab ASADO \u00bb - Actualit\u00e9s - ALL TOLERIE\",\"isPartOf\":{\"@id\":\"https:\/\/com-pac.ovh\/preprod1\/#website\"},\"primaryImageOfPage\":{\"@id\":\"https:\/\/com-pac.ovh\/preprod1\/actualites\/brasero-plancha-asado\/#primaryimage\"},\"image\":{\"@id\":\"https:\/\/com-pac.ovh\/preprod1\/actualites\/brasero-plancha-asado\/#primaryimage\"},\"thumbnailUrl\":\"https:\/\/com-pac.ovh\/preprod1\/wp-content\/uploads\/2025\/03\/BRASERO-ASADO.jpg\",\"datePublished\":\"2025-03-20T13:24:48+00:00\",\"dateModified\":\"2025-05-05T10:06:07+00:00\",\"breadcrumb\":{\"@id\":\"https:\/\/com-pac.ovh\/preprod1\/actualites\/brasero-plancha-asado\/#breadcrumb\"},\"inLanguage\":\"fr-FR\",\"potentialAction\":[{\"@type\":\"ReadAction\",\"target\":[\"https:\/\/com-pac.ovh\/preprod1\/actualites\/brasero-plancha-asado\/\"]}]},{\"@type\":\"ImageObject\",\"inLanguage\":\"fr-FR\",\"@id\":\"https:\/\/com-pac.ovh\/preprod1\/actualites\/brasero-plancha-asado\/#primaryimage\",\"url\":\"https:\/\/com-pac.ovh\/preprod1\/wp-content\/uploads\/2025\/03\/BRASERO-ASADO.jpg\",\"contentUrl\":\"https:\/\/com-pac.ovh\/preprod1\/wp-content\/uploads\/2025\/03\/BRASERO-ASADO.jpg\",\"width\":438,\"height\":367},{\"@type\":\"BreadcrumbList\",\"@id\":\"https:\/\/com-pac.ovh\/preprod1\/actualites\/brasero-plancha-asado\/#breadcrumb\",\"itemListElement\":[{\"@type\":\"ListItem\",\"position\":1,\"name\":\"Accueil\",\"item\":\"https:\/\/com-pac.ovh\/preprod1\/\"},{\"@type\":\"ListItem\",\"position\":2,\"name\":\"BRASERO Plancha \u00ab ASADO \u00bb\"}]},{\"@type\":\"WebSite\",\"@id\":\"https:\/\/com-pac.ovh\/preprod1\/#website\",\"url\":\"https:\/\/com-pac.ovh\/preprod1\/\",\"name\":\"ALL TOLERIE\",\"description\":\"\",\"publisher\":{\"@id\":\"https:\/\/com-pac.ovh\/preprod1\/#organization\"},\"potentialAction\":[{\"@type\":\"SearchAction\",\"target\":{\"@type\":\"EntryPoint\",\"urlTemplate\":\"https:\/\/com-pac.ovh\/preprod1\/?s={search_term_string}\"},\"query-input\":{\"@type\":\"PropertyValueSpecification\",\"valueRequired\":true,\"valueName\":\"search_term_string\"}}],\"inLanguage\":\"fr-FR\"},{\"@type\":\"Organization\",\"@id\":\"https:\/\/com-pac.ovh\/preprod1\/#organization\",\"name\":\"ALL TOLERIE\",\"url\":\"https:\/\/com-pac.ovh\/preprod1\/\",\"logo\":{\"@type\":\"ImageObject\",\"inLanguage\":\"fr-FR\",\"@id\":\"https:\/\/com-pac.ovh\/preprod1\/#\/schema\/logo\/image\/\",\"url\":\"https:\/\/com-pac.ovh\/preprod1\/wp-content\/uploads\/2025\/03\/LOGO-ALL-TOLERIE.jpg\",\"contentUrl\":\"https:\/\/com-pac.ovh\/preprod1\/wp-content\/uploads\/2025\/03\/LOGO-ALL-TOLERIE.jpg\",\"width\":261,\"height\":55,\"caption\":\"ALL TOLERIE\"},\"image\":{\"@id\":\"https:\/\/com-pac.ovh\/preprod1\/#\/schema\/logo\/image\/\"},\"sameAs\":[\"https:\/\/www.facebook.com\/ALLTOLERIE\",\"https:\/\/www.instagram.com\/alltolerie\/\",\"https:\/\/www.youtube.com\/@alltoleriealltolerie7438\"]},{\"@type\":\"Person\",\"@id\":\"https:\/\/com-pac.ovh\/preprod1\/#\/schema\/person\/ec00c50f47be78e628281033fbbec35e\",\"name\":\"ComallTolPacrie\",\"image\":{\"@type\":\"ImageObject\",\"inLanguage\":\"fr-FR\",\"@id\":\"https:\/\/com-pac.ovh\/preprod1\/#\/schema\/person\/image\/\",\"url\":\"https:\/\/secure.gravatar.com\/avatar\/f3176d2c390a2eba3f75c1f527baa199269c2757badfadb4816973fdf4acd689?s=96&d=mm&r=g\",\"contentUrl\":\"https:\/\/secure.gravatar.com\/avatar\/f3176d2c390a2eba3f75c1f527baa199269c2757badfadb4816973fdf4acd689?s=96&d=mm&r=g\",\"caption\":\"ComallTolPacrie\"},\"sameAs\":[\"http:\/\/com-pac.ovh\/preprod1\"]}]}<\/script>\n<!-- \/ Yoast SEO plugin. -->","yoast_head_json":{"title":"BRASERO Plancha \u00ab ASADO \u00bb - Actualit\u00e9s - ALL TOLERIE","robots":{"index":"noindex","follow":"follow","max-snippet":"max-snippet:-1","max-image-preview":"max-image-preview:large","max-video-preview":"max-video-preview:-1"},"og_locale":"fr_FR","og_type":"article","og_title":"BRASERO Plancha \u00ab ASADO \u00bb - Actualit\u00e9s - ALL TOLERIE","og_description":"Le brasero plancha \u00ab ASADO \u00bb \u00e0 899 \u20ac HT est fabriqu\u00e9 dans nos ateliers en Seine-et-Marne. Garantie 100 % Fabrication Fran\u00e7aise. La surface de cuisson est r\u00e9alis\u00e9e en Inox 304L alimentaire, d\u2019un diam\u00e8tre de 69 cm et d\u2019une \u00e9paisseur de 5 mm. Le plus\u00a0: elle est dot\u00e9e d\u2019une grille escamotable. La cuve et le [&hellip;]","og_url":"https:\/\/com-pac.ovh\/preprod1\/actualites\/brasero-plancha-asado\/","og_site_name":"ALL TOLERIE","article_publisher":"https:\/\/www.facebook.com\/ALLTOLERIE","article_published_time":"2025-03-20T13:24:48+00:00","article_modified_time":"2025-05-05T10:06:07+00:00","og_image":[{"width":438,"height":367,"url":"https:\/\/com-pac.ovh\/preprod1\/wp-content\/uploads\/2025\/03\/BRASERO-ASADO.jpg","type":"image\/jpeg"}],"author":"ComallTolPacrie","twitter_card":"summary_large_image","twitter_misc":{"\u00c9crit par":"ComallTolPacrie","Dur\u00e9e de lecture estim\u00e9e":"2 minutes"},"schema":{"@context":"https:\/\/schema.org","@graph":[{"@type":"Article","@id":"https:\/\/com-pac.ovh\/preprod1\/actualites\/brasero-plancha-asado\/#article","isPartOf":{"@id":"https:\/\/com-pac.ovh\/preprod1\/actualites\/brasero-plancha-asado\/"},"author":{"name":"ComallTolPacrie","@id":"https:\/\/com-pac.ovh\/preprod1\/#\/schema\/person\/ec00c50f47be78e628281033fbbec35e"},"headline":"BRASERO Plancha \u00ab ASADO \u00bb","datePublished":"2025-03-20T13:24:48+00:00","dateModified":"2025-05-05T10:06:07+00:00","mainEntityOfPage":{"@id":"https:\/\/com-pac.ovh\/preprod1\/actualites\/brasero-plancha-asado\/"},"wordCount":228,"commentCount":0,"publisher":{"@id":"https:\/\/com-pac.ovh\/preprod1\/#organization"},"image":{"@id":"https:\/\/com-pac.ovh\/preprod1\/actualites\/brasero-plancha-asado\/#primaryimage"},"thumbnailUrl":"https:\/\/com-pac.ovh\/preprod1\/wp-content\/uploads\/2025\/03\/BRASERO-ASADO.jpg","articleSection":["Actualit\u00e9s","Nouveaut\u00e9"],"inLanguage":"fr-FR","potentialAction":[{"@type":"CommentAction","name":"Comment","target":["https:\/\/com-pac.ovh\/preprod1\/actualites\/brasero-plancha-asado\/#respond"]}]},{"@type":"WebPage","@id":"https:\/\/com-pac.ovh\/preprod1\/actualites\/brasero-plancha-asado\/","url":"https:\/\/com-pac.ovh\/preprod1\/actualites\/brasero-plancha-asado\/","name":"BRASERO Plancha \u00ab ASADO \u00bb - Actualit\u00e9s - ALL TOLERIE","isPartOf":{"@id":"https:\/\/com-pac.ovh\/preprod1\/#website"},"primaryImageOfPage":{"@id":"https:\/\/com-pac.ovh\/preprod1\/actualites\/brasero-plancha-asado\/#primaryimage"},"image":{"@id":"https:\/\/com-pac.ovh\/preprod1\/actualites\/brasero-plancha-asado\/#primaryimage"},"thumbnailUrl":"https:\/\/com-pac.ovh\/preprod1\/wp-content\/uploads\/2025\/03\/BRASERO-ASADO.jpg","datePublished":"2025-03-20T13:24:48+00:00","dateModified":"2025-05-05T10:06:07+00:00","breadcrumb":{"@id":"https:\/\/com-pac.ovh\/preprod1\/actualites\/brasero-plancha-asado\/#breadcrumb"},"inLanguage":"fr-FR","potentialAction":[{"@type":"ReadAction","target":["https:\/\/com-pac.ovh\/preprod1\/actualites\/brasero-plancha-asado\/"]}]},{"@type":"ImageObject","inLanguage":"fr-FR","@id":"https:\/\/com-pac.ovh\/preprod1\/actualites\/brasero-plancha-asado\/#primaryimage","url":"https:\/\/com-pac.ovh\/preprod1\/wp-content\/uploads\/2025\/03\/BRASERO-ASADO.jpg","contentUrl":"https:\/\/com-pac.ovh\/preprod1\/wp-content\/uploads\/2025\/03\/BRASERO-ASADO.jpg","width":438,"height":367},{"@type":"BreadcrumbList","@id":"https:\/\/com-pac.ovh\/preprod1\/actualites\/brasero-plancha-asado\/#breadcrumb","itemListElement":[{"@type":"ListItem","position":1,"name":"Accueil","item":"https:\/\/com-pac.ovh\/preprod1\/"},{"@type":"ListItem","position":2,"name":"BRASERO Plancha \u00ab ASADO \u00bb"}]},{"@type":"WebSite","@id":"https:\/\/com-pac.ovh\/preprod1\/#website","url":"https:\/\/com-pac.ovh\/preprod1\/","name":"ALL TOLERIE","description":"","publisher":{"@id":"https:\/\/com-pac.ovh\/preprod1\/#organization"},"potentialAction":[{"@type":"SearchAction","target":{"@type":"EntryPoint","urlTemplate":"https:\/\/com-pac.ovh\/preprod1\/?s={search_term_string}"},"query-input":{"@type":"PropertyValueSpecification","valueRequired":true,"valueName":"search_term_string"}}],"inLanguage":"fr-FR"},{"@type":"Organization","@id":"https:\/\/com-pac.ovh\/preprod1\/#organization","name":"ALL TOLERIE","url":"https:\/\/com-pac.ovh\/preprod1\/","logo":{"@type":"ImageObject","inLanguage":"fr-FR","@id":"https:\/\/com-pac.ovh\/preprod1\/#\/schema\/logo\/image\/","url":"https:\/\/com-pac.ovh\/preprod1\/wp-content\/uploads\/2025\/03\/LOGO-ALL-TOLERIE.jpg","contentUrl":"https:\/\/com-pac.ovh\/preprod1\/wp-content\/uploads\/2025\/03\/LOGO-ALL-TOLERIE.jpg","width":261,"height":55,"caption":"ALL TOLERIE"},"image":{"@id":"https:\/\/com-pac.ovh\/preprod1\/#\/schema\/logo\/image\/"},"sameAs":["https:\/\/www.facebook.com\/ALLTOLERIE","https:\/\/www.instagram.com\/alltolerie\/","https:\/\/www.youtube.com\/@alltoleriealltolerie7438"]},{"@type":"Person","@id":"https:\/\/com-pac.ovh\/preprod1\/#\/schema\/person\/ec00c50f47be78e628281033fbbec35e","name":"ComallTolPacrie","image":{"@type":"ImageObject","inLanguage":"fr-FR","@id":"https:\/\/com-pac.ovh\/preprod1\/#\/schema\/person\/image\/","url":"https:\/\/secure.gravatar.com\/avatar\/f3176d2c390a2eba3f75c1f527baa199269c2757badfadb4816973fdf4acd689?s=96&d=mm&r=g","contentUrl":"https:\/\/secure.gravatar.com\/avatar\/f3176d2c390a2eba3f75c1f527baa199269c2757badfadb4816973fdf4acd689?s=96&d=mm&r=g","caption":"ComallTolPacrie"},"sameAs":["http:\/\/com-pac.ovh\/preprod1"]}]}},"_links":{"self":[{"href":"https:\/\/com-pac.ovh\/preprod1\/wp-json\/wp\/v2\/posts\/910","targetHints":{"allow":["GET"]}}],"collection":[{"href":"https:\/\/com-pac.ovh\/preprod1\/wp-json\/wp\/v2\/posts"}],"about":[{"href":"https:\/\/com-pac.ovh\/preprod1\/wp-json\/wp\/v2\/types\/post"}],"author":[{"embeddable":true,"href":"https:\/\/com-pac.ovh\/preprod1\/wp-json\/wp\/v2\/users\/1"}],"replies":[{"embeddable":true,"href":"https:\/\/com-pac.ovh\/preprod1\/wp-json\/wp\/v2\/comments?post=910"}],"version-history":[{"count":7,"href":"https:\/\/com-pac.ovh\/preprod1\/wp-json\/wp\/v2\/posts\/910\/revisions"}],"predecessor-version":[{"id":2703,"href":"https:\/\/com-pac.ovh\/preprod1\/wp-json\/wp\/v2\/posts\/910\/revisions\/2703"}],"wp:featuredmedia":[{"embeddable":true,"href":"https:\/\/com-pac.ovh\/preprod1\/wp-json\/wp\/v2\/media\/2709"}],"wp:attachment":[{"href":"https:\/\/com-pac.ovh\/preprod1\/wp-json\/wp\/v2\/media?parent=910"}],"wp:term":[{"taxonomy":"category","embeddable":true,"href":"https:\/\/com-pac.ovh\/preprod1\/wp-json\/wp\/v2\/categories?post=910"},{"taxonomy":"post_tag","embeddable":true,"href":"https:\/\/com-pac.ovh\/preprod1\/wp-json\/wp\/v2\/tags?post=910"}],"curies":[{"name":"wp","href":"https:\/\/api.w.org\/{rel}","templated":true}]}}